{"id":2144,"date":"2018-06-16T20:35:04","date_gmt":"2018-06-16T20:35:04","guid":{"rendered":"https:\/\/prd.zanoinspire.com\/2018\/06\/18\/poluarea-aerului-si-problemele-pulmonare\/"},"modified":"2024-04-03T13:17:43","modified_gmt":"2024-04-03T13:17:43","slug":"poluarea-aerului-si-problemele-pulmonare","status":"publish","type":"post","link":"https:\/\/zano.outcondev.com\/ro\/poluarea-aerului-si-problemele-pulmonare\/","title":{"rendered":"Poluarea aerului \u0219i problemele pulmonare"},"content":{"rendered":"<div class=\"article-body\">\n<p>Modul de via\u021b\u0103 contemporan, puternic industrializat, influen\u021beaz\u0103 \u00een mare m\u0103sur\u0103 mediul.<\/p>\n<p>De\u0219i ac\u021biunile noastre sunt adesea invizibile pe termen scurt, ele pot avea consecin\u021be enorme asupra calit\u0103\u021bii vie\u021bii noastre.<\/p>\n<p>Una dintre cele mai grave probleme din zilele noastre este poluarea aerului, care, la r\u00e2ndul s\u0103u, are un impact direct asupra s\u0103n\u0103t\u0103\u021bii noastre. Astmul bron\u0219ic, dificult\u0103\u021bile de respira\u021bie, respira\u021bia \u0219uier\u0103toare, incapacitatea de a respira profund, senza\u021bia de greutate \u00een piept &#8211; adesea cauza tuturor acestor probleme se afl\u0103 \u00een aerul pe care \u00eel respiram.<\/p>\n<p>Poluarea aerului este cel mai adesea cauzat\u0103 de volumul excesiv de mare al activit\u0103\u021bii industriale, de vehiculele care emit fum, de emisiile nocive nereglementate, precum \u0219i de arderea diferitelor materiale, cum ar fi c\u0103rbunele.<\/p>\n<p>Aceast\u0103 problem\u0103 global\u0103 apare nu numai \u00een \u021b\u0103rile \u00een curs de dezvoltare, dar \u0219i \u00een \u021b\u0103rile bine dezvoltate.<\/p>\n<p>Poluarea aerului invadeaz\u0103 via\u021ba noastr\u0103 \u00een interior la fel de mult ca \u00een aer liber. Deoarece poluarea aerului este vizibil\u0103 \u00een special \u00een lunile de iarn\u0103, datorit\u0103 prezen\u021bei ce\u021bii, este o problem\u0103 pe care nu o vedem restul anului. Dar aerul poluat continu\u0103 s\u0103 fie prezent \u0219i este unul dintre principalele motive pentru care apar bolile respiratorii \u0219i problemele pulmonare.<\/p>\n<p>Odat\u0103 ce particulele d\u0103un\u0103toare din aer intr\u0103 \u00een tractul respirator, ele las\u0103 urme \u00een pl\u0103m\u00e2ni \u0219i astfel le pot d\u0103una. Aceste particule au, de asemenea, un puternic impact negativ asupra persoanelor care sufer\u0103 de astm \u0219i tind s\u0103 agraveze atacurile de astm.<\/p>\n<p>De\u0219i nu putem sc\u0103pa de mediul nostru, exist\u0103 o serie de modalit\u0103\u021bi prin care ne putem ap\u0103ra de aerul poluat. Este absolut esen\u021bial ca to\u021bi oamenii care sufer\u0103 de boli respiratorii s\u0103 poarte o masc\u0103 medical\u0103. \u00cempiedic\u0103 \u00een mare m\u0103sur\u0103 respira\u021bia particulelor nocive, \u00een special \u00een sezonul de iarn\u0103, c\u00e2nd satura\u021bia aerului cu elemente de arsuri este ridicat\u0103.<\/p>\n<p>Plimb\u0103rile frecvente \u00een mun\u021bi \u0219i \u00een locuri \u00eendep\u0103rtate din zona populat\u0103 sunt o idee grozav\u0103, mai ales \u00een lunile de iarn\u0103.<\/p>\n<p>C\u00e2nd este vorba de poluarea aerului \u00een spa\u021bii \u00eenchise, este absolut necesar s\u0103 se ventileze \u0219i s\u0103 se cure\u021be \u00een mod regulat aerul de particulele fine, de\u0219i rareori le vedem, dar totu\u0219i le resim\u021bim efectele grele asupra pl\u0103m\u00e2nilor.<\/p>\n<p>Nu \u00een ultimul r\u00e2nd, ar trebui s\u0103 men\u021bion\u0103m nebulizarea. Acest procedeu nu este \u00eenc\u0103 popular \u00een r\u00e2ndul persoanelor care nu sufer\u0103 de astm; totu\u0219i, este una dintre cele mai eficiente modalit\u0103\u021bi de tratare \u0219i prevenire a bolilor respiratorii.<\/p>\n<p>Nebulizatorul ZANO Inspire este dezvoltat pentru a oferi o terapie eficient\u0103 cu aerosoli pentru \u00eentreaga familie. Dimensiunea compact\u0103 \u0219i aspectul elegant \u00eel fac extrem de practic pentru orice gospod\u0103rie. \u00cen acela\u0219i timp, este potrivit \u0219i pentru copii.<\/p>\n<p>Zano Inspire poate fi utilizat pe cont propriu la domiciliu, f\u0103r\u0103 asisten\u021b\u0103 medical\u0103 special\u0103. Trebuie doar s\u0103 consulta\u021bi un medic despre tipul de medicament \u0219i dozare.<\/p>\n<p>\u0218i s\u0103 nu uit\u0103m c\u0103 noi to\u021bi l\u0103s\u0103m o urm\u0103 asupra naturii! Suntem aerul pe care \u00eel respiram. \u0218i dac\u0103 ast\u0103zi pute\u021bi merge la serviciu cu transportul public, \u00een loc s\u0103 v\u0103 conduce\u021bi ma\u0219ina, natura \u0219i pl\u0103m\u00e2nii v\u0103 vor fi recunosc\u0103tori.<\/p>\n<\/div>\n","protected":false},"excerpt":{"rendered":"<p>Modul de via\u021b\u0103 contemporan, puternic industrializat, influen\u021beaz\u0103 \u00een mare m\u0103sur\u0103 mediul. De\u0219i ac\u021biunile noastre sunt adesea invizibile pe termen scurt, ele pot avea consecin\u021be enorme asupra calit\u0103\u021bii vie\u021bii noastre.<\/p>\n","protected":false},"author":1,"featured_media":272,"comment_status":"open","ping_status":"open","sticky":false,"template":"","format":"standard","meta":{"_acf_changed":false,"footnotes":""},"categories":[84],"tags":[102,103,104],"class_list":["post-2144","post","type-post","status-publish","format-standard","has-post-thumbnail","hentry","category-articles-ro","tag-astmul-bronsic","tag-dificultatile-de-respiratie","tag-respiratia-suieratoare"],"acf":[],"yoast_head":"<!-- This site is optimized with the Yoast SEO plugin v25.4 - https:\/\/yoast.com\/wordpress\/plugins\/seo\/ -->\n<title>Poluarea aerului \u0219i problemele pulmonare &#062; Zano<\/title>\n<meta name=\"description\" content=\"Modul de via\u021b\u0103 contemporan, puternic industrializat, influen\u021beaz\u0103 \u00een mare m\u0103sur\u0103 mediul. De\u0219i ac\u021biunile noastre sunt adesea invizibile pe termen scurt, ele pot avea consecin\u021be enorme asupra calit\u0103\u021bii vie\u021bii noastre.\" \/>\n<meta name=\"robots\" content=\"noindex, follow, max-snippet:-1, max-image-preview:large, max-video-preview:-1\" \/>\n<meta property=\"og:locale\" content=\"ro_RO\" \/>\n<meta property=\"og:type\" content=\"article\" \/>\n<meta property=\"og:title\" content=\"Poluarea aerului \u0219i problemele pulmonare &#062; Zano\" \/>\n<meta property=\"og:description\" content=\"Modul de via\u021b\u0103 contemporan, puternic industrializat, influen\u021beaz\u0103 \u00een mare m\u0103sur\u0103 mediul. De\u0219i ac\u021biunile noastre sunt adesea invizibile pe termen scurt, ele pot avea consecin\u021be enorme asupra calit\u0103\u021bii vie\u021bii noastre.\" \/>\n<meta property=\"og:url\" content=\"https:\/\/zano.outcondev.com\/ro\/poluarea-aerului-si-problemele-pulmonare\/\" \/>\n<meta property=\"og:site_name\" content=\"Zano\" \/>\n<meta property=\"article:publisher\" content=\"https:\/\/www.facebook.com\/zanoinspire\" \/>\n<meta property=\"article:published_time\" content=\"2018-06-16T20:35:04+00:00\" \/>\n<meta property=\"article:modified_time\" content=\"2024-04-03T13:17:43+00:00\" \/>\n<meta property=\"og:image\" content=\"https:\/\/zano.outcondev.com\/wp-content\/uploads\/2023\/06\/article-img-04.jpg\" \/>\n\t<meta property=\"og:image:width\" content=\"801\" \/>\n\t<meta property=\"og:image:height\" content=\"540\" \/>\n\t<meta property=\"og:image:type\" content=\"image\/jpeg\" \/>\n<meta name=\"author\" content=\"outcon-dev\" \/>\n<meta name=\"twitter:card\" content=\"summary_large_image\" \/>\n<meta name=\"twitter:label1\" content=\"Scris de\" \/>\n\t<meta name=\"twitter:data1\" content=\"outcon-dev\" \/>\n\t<meta name=\"twitter:label2\" content=\"Timp estimat pentru citire\" \/>\n\t<meta name=\"twitter:data2\" content=\"1 minut\" \/>\n<script type=\"application\/ld+json\" class=\"yoast-schema-graph\">{\"@context\":\"https:\/\/schema.org\",\"@graph\":[{\"@type\":\"Article\",\"@id\":\"https:\/\/zano.outcondev.com\/ro\/poluarea-aerului-si-problemele-pulmonare\/#article\",\"isPartOf\":{\"@id\":\"https:\/\/zano.outcondev.com\/ro\/poluarea-aerului-si-problemele-pulmonare\/\"},\"author\":{\"name\":\"outcon-dev\",\"@id\":\"https:\/\/zano.outcondev.com\/ro\/#\/schema\/person\/e9d171ddcb1ba8c267ebcf90e74face1\"},\"headline\":\"Poluarea aerului \u0219i problemele pulmonare\",\"datePublished\":\"2018-06-16T20:35:04+00:00\",\"dateModified\":\"2024-04-03T13:17:43+00:00\",\"mainEntityOfPage\":{\"@id\":\"https:\/\/zano.outcondev.com\/ro\/poluarea-aerului-si-problemele-pulmonare\/\"},\"wordCount\":571,\"commentCount\":0,\"publisher\":{\"@id\":\"https:\/\/zano.outcondev.com\/ro\/#organization\"},\"image\":{\"@id\":\"https:\/\/zano.outcondev.com\/ro\/poluarea-aerului-si-problemele-pulmonare\/#primaryimage\"},\"thumbnailUrl\":\"https:\/\/zano.outcondev.com\/wp-content\/uploads\/2023\/06\/article-img-04.jpg\",\"keywords\":[\"Astmul bron\u0219ic\",\"dificult\u0103\u021bile de respira\u021bie\",\"respira\u021bia \u0219uier\u0103toare\"],\"articleSection\":[\"articles-ro\"],\"inLanguage\":\"ro-RO\",\"potentialAction\":[{\"@type\":\"CommentAction\",\"name\":\"Comment\",\"target\":[\"https:\/\/zano.outcondev.com\/ro\/poluarea-aerului-si-problemele-pulmonare\/#respond\"]}]},{\"@type\":\"WebPage\",\"@id\":\"https:\/\/zano.outcondev.com\/ro\/poluarea-aerului-si-problemele-pulmonare\/\",\"url\":\"https:\/\/zano.outcondev.com\/ro\/poluarea-aerului-si-problemele-pulmonare\/\",\"name\":\"Poluarea aerului \u0219i problemele pulmonare &#062; Zano\",\"isPartOf\":{\"@id\":\"https:\/\/zano.outcondev.com\/ro\/#website\"},\"primaryImageOfPage\":{\"@id\":\"https:\/\/zano.outcondev.com\/ro\/poluarea-aerului-si-problemele-pulmonare\/#primaryimage\"},\"image\":{\"@id\":\"https:\/\/zano.outcondev.com\/ro\/poluarea-aerului-si-problemele-pulmonare\/#primaryimage\"},\"thumbnailUrl\":\"https:\/\/zano.outcondev.com\/wp-content\/uploads\/2023\/06\/article-img-04.jpg\",\"datePublished\":\"2018-06-16T20:35:04+00:00\",\"dateModified\":\"2024-04-03T13:17:43+00:00\",\"description\":\"Modul de via\u021b\u0103 contemporan, puternic industrializat, influen\u021beaz\u0103 \u00een mare m\u0103sur\u0103 mediul. De\u0219i ac\u021biunile noastre sunt adesea invizibile pe termen scurt, ele pot avea consecin\u021be enorme asupra calit\u0103\u021bii vie\u021bii noastre.\",\"breadcrumb\":{\"@id\":\"https:\/\/zano.outcondev.com\/ro\/poluarea-aerului-si-problemele-pulmonare\/#breadcrumb\"},\"inLanguage\":\"ro-RO\",\"potentialAction\":[{\"@type\":\"ReadAction\",\"target\":[\"https:\/\/zano.outcondev.com\/ro\/poluarea-aerului-si-problemele-pulmonare\/\"]}]},{\"@type\":\"ImageObject\",\"inLanguage\":\"ro-RO\",\"@id\":\"https:\/\/zano.outcondev.com\/ro\/poluarea-aerului-si-problemele-pulmonare\/#primaryimage\",\"url\":\"https:\/\/zano.outcondev.com\/wp-content\/uploads\/2023\/06\/article-img-04.jpg\",\"contentUrl\":\"https:\/\/zano.outcondev.com\/wp-content\/uploads\/2023\/06\/article-img-04.jpg\",\"width\":801,\"height\":540},{\"@type\":\"BreadcrumbList\",\"@id\":\"https:\/\/zano.outcondev.com\/ro\/poluarea-aerului-si-problemele-pulmonare\/#breadcrumb\",\"itemListElement\":[{\"@type\":\"ListItem\",\"position\":1,\"name\":\"\u041d\u0430\u0447\u0430\u043b\u043e\",\"item\":\"https:\/\/zano.outcondev.com\/ro\/\"},{\"@type\":\"ListItem\",\"position\":2,\"name\":\"Poluarea aerului \u0219i problemele pulmonare\"}]},{\"@type\":\"WebSite\",\"@id\":\"https:\/\/zano.outcondev.com\/ro\/#website\",\"url\":\"https:\/\/zano.outcondev.com\/ro\/\",\"name\":\"Zano\",\"description\":\"Zano\",\"publisher\":{\"@id\":\"https:\/\/zano.outcondev.com\/ro\/#organization\"},\"potentialAction\":[{\"@type\":\"SearchAction\",\"target\":{\"@type\":\"EntryPoint\",\"urlTemplate\":\"https:\/\/zano.outcondev.com\/ro\/?s={search_term_string}\"},\"query-input\":{\"@type\":\"PropertyValueSpecification\",\"valueRequired\":true,\"valueName\":\"search_term_string\"}}],\"inLanguage\":\"ro-RO\"},{\"@type\":\"Organization\",\"@id\":\"https:\/\/zano.outcondev.com\/ro\/#organization\",\"name\":\"Zano\",\"url\":\"https:\/\/zano.outcondev.com\/ro\/\",\"logo\":{\"@type\":\"ImageObject\",\"inLanguage\":\"ro-RO\",\"@id\":\"https:\/\/zano.outcondev.com\/ro\/#\/schema\/logo\/image\/\",\"url\":\"https:\/\/zano.outcondev.com\/wp-content\/uploads\/2023\/06\/zano-logo.svg\",\"contentUrl\":\"https:\/\/zano.outcondev.com\/wp-content\/uploads\/2023\/06\/zano-logo.svg\",\"caption\":\"Zano\"},\"image\":{\"@id\":\"https:\/\/zano.outcondev.com\/ro\/#\/schema\/logo\/image\/\"},\"sameAs\":[\"https:\/\/www.facebook.com\/zanoinspire\",\"https:\/\/www.instagram.com\/zanoinspire\/\"]},{\"@type\":\"Person\",\"@id\":\"https:\/\/zano.outcondev.com\/ro\/#\/schema\/person\/e9d171ddcb1ba8c267ebcf90e74face1\",\"name\":\"outcon-dev\",\"image\":{\"@type\":\"ImageObject\",\"inLanguage\":\"ro-RO\",\"@id\":\"https:\/\/zano.outcondev.com\/ro\/#\/schema\/person\/image\/\",\"url\":\"https:\/\/secure.gravatar.com\/avatar\/bb997fc8b69d93ce6b3adfe0a1c6a03aab7eed4c4e9df191034b63b90edd2db0?s=96&d=mm&r=g\",\"contentUrl\":\"https:\/\/secure.gravatar.com\/avatar\/bb997fc8b69d93ce6b3adfe0a1c6a03aab7eed4c4e9df191034b63b90edd2db0?s=96&d=mm&r=g\",\"caption\":\"outcon-dev\"},\"sameAs\":[\"https:\/\/prd.zano.outcondev.com\"]}]}<\/script>\n<!-- \/ Yoast SEO plugin. -->","yoast_head_json":{"title":"Poluarea aerului \u0219i problemele pulmonare &#062; Zano","description":"Modul de via\u021b\u0103 contemporan, puternic industrializat, influen\u021beaz\u0103 \u00een mare m\u0103sur\u0103 mediul. De\u0219i ac\u021biunile noastre sunt adesea invizibile pe termen scurt, ele pot avea consecin\u021be enorme asupra calit\u0103\u021bii vie\u021bii noastre.","robots":{"index":"noindex","follow":"follow","max-snippet":"max-snippet:-1","max-image-preview":"max-image-preview:large","max-video-preview":"max-video-preview:-1"},"og_locale":"ro_RO","og_type":"article","og_title":"Poluarea aerului \u0219i problemele pulmonare &#062; Zano","og_description":"Modul de via\u021b\u0103 contemporan, puternic industrializat, influen\u021beaz\u0103 \u00een mare m\u0103sur\u0103 mediul. De\u0219i ac\u021biunile noastre sunt adesea invizibile pe termen scurt, ele pot avea consecin\u021be enorme asupra calit\u0103\u021bii vie\u021bii noastre.","og_url":"https:\/\/zano.outcondev.com\/ro\/poluarea-aerului-si-problemele-pulmonare\/","og_site_name":"Zano","article_publisher":"https:\/\/www.facebook.com\/zanoinspire","article_published_time":"2018-06-16T20:35:04+00:00","article_modified_time":"2024-04-03T13:17:43+00:00","og_image":[{"width":801,"height":540,"url":"https:\/\/zano.outcondev.com\/wp-content\/uploads\/2023\/06\/article-img-04.jpg","type":"image\/jpeg"}],"author":"outcon-dev","twitter_card":"summary_large_image","twitter_misc":{"Scris de":"outcon-dev","Timp estimat pentru citire":"1 minut"},"schema":{"@context":"https:\/\/schema.org","@graph":[{"@type":"Article","@id":"https:\/\/zano.outcondev.com\/ro\/poluarea-aerului-si-problemele-pulmonare\/#article","isPartOf":{"@id":"https:\/\/zano.outcondev.com\/ro\/poluarea-aerului-si-problemele-pulmonare\/"},"author":{"name":"outcon-dev","@id":"https:\/\/zano.outcondev.com\/ro\/#\/schema\/person\/e9d171ddcb1ba8c267ebcf90e74face1"},"headline":"Poluarea aerului \u0219i problemele pulmonare","datePublished":"2018-06-16T20:35:04+00:00","dateModified":"2024-04-03T13:17:43+00:00","mainEntityOfPage":{"@id":"https:\/\/zano.outcondev.com\/ro\/poluarea-aerului-si-problemele-pulmonare\/"},"wordCount":571,"commentCount":0,"publisher":{"@id":"https:\/\/zano.outcondev.com\/ro\/#organization"},"image":{"@id":"https:\/\/zano.outcondev.com\/ro\/poluarea-aerului-si-problemele-pulmonare\/#primaryimage"},"thumbnailUrl":"https:\/\/zano.outcondev.com\/wp-content\/uploads\/2023\/06\/article-img-04.jpg","keywords":["Astmul bron\u0219ic","dificult\u0103\u021bile de respira\u021bie","respira\u021bia \u0219uier\u0103toare"],"articleSection":["articles-ro"],"inLanguage":"ro-RO","potentialAction":[{"@type":"CommentAction","name":"Comment","target":["https:\/\/zano.outcondev.com\/ro\/poluarea-aerului-si-problemele-pulmonare\/#respond"]}]},{"@type":"WebPage","@id":"https:\/\/zano.outcondev.com\/ro\/poluarea-aerului-si-problemele-pulmonare\/","url":"https:\/\/zano.outcondev.com\/ro\/poluarea-aerului-si-problemele-pulmonare\/","name":"Poluarea aerului \u0219i problemele pulmonare &#062; Zano","isPartOf":{"@id":"https:\/\/zano.outcondev.com\/ro\/#website"},"primaryImageOfPage":{"@id":"https:\/\/zano.outcondev.com\/ro\/poluarea-aerului-si-problemele-pulmonare\/#primaryimage"},"image":{"@id":"https:\/\/zano.outcondev.com\/ro\/poluarea-aerului-si-problemele-pulmonare\/#primaryimage"},"thumbnailUrl":"https:\/\/zano.outcondev.com\/wp-content\/uploads\/2023\/06\/article-img-04.jpg","datePublished":"2018-06-16T20:35:04+00:00","dateModified":"2024-04-03T13:17:43+00:00","description":"Modul de via\u021b\u0103 contemporan, puternic industrializat, influen\u021beaz\u0103 \u00een mare m\u0103sur\u0103 mediul. De\u0219i ac\u021biunile noastre sunt adesea invizibile pe termen scurt, ele pot avea consecin\u021be enorme asupra calit\u0103\u021bii vie\u021bii noastre.","breadcrumb":{"@id":"https:\/\/zano.outcondev.com\/ro\/poluarea-aerului-si-problemele-pulmonare\/#breadcrumb"},"inLanguage":"ro-RO","potentialAction":[{"@type":"ReadAction","target":["https:\/\/zano.outcondev.com\/ro\/poluarea-aerului-si-problemele-pulmonare\/"]}]},{"@type":"ImageObject","inLanguage":"ro-RO","@id":"https:\/\/zano.outcondev.com\/ro\/poluarea-aerului-si-problemele-pulmonare\/#primaryimage","url":"https:\/\/zano.outcondev.com\/wp-content\/uploads\/2023\/06\/article-img-04.jpg","contentUrl":"https:\/\/zano.outcondev.com\/wp-content\/uploads\/2023\/06\/article-img-04.jpg","width":801,"height":540},{"@type":"BreadcrumbList","@id":"https:\/\/zano.outcondev.com\/ro\/poluarea-aerului-si-problemele-pulmonare\/#breadcrumb","itemListElement":[{"@type":"ListItem","position":1,"name":"\u041d\u0430\u0447\u0430\u043b\u043e","item":"https:\/\/zano.outcondev.com\/ro\/"},{"@type":"ListItem","position":2,"name":"Poluarea aerului \u0219i problemele pulmonare"}]},{"@type":"WebSite","@id":"https:\/\/zano.outcondev.com\/ro\/#website","url":"https:\/\/zano.outcondev.com\/ro\/","name":"Zano","description":"Zano","publisher":{"@id":"https:\/\/zano.outcondev.com\/ro\/#organization"},"potentialAction":[{"@type":"SearchAction","target":{"@type":"EntryPoint","urlTemplate":"https:\/\/zano.outcondev.com\/ro\/?s={search_term_string}"},"query-input":{"@type":"PropertyValueSpecification","valueRequired":true,"valueName":"search_term_string"}}],"inLanguage":"ro-RO"},{"@type":"Organization","@id":"https:\/\/zano.outcondev.com\/ro\/#organization","name":"Zano","url":"https:\/\/zano.outcondev.com\/ro\/","logo":{"@type":"ImageObject","inLanguage":"ro-RO","@id":"https:\/\/zano.outcondev.com\/ro\/#\/schema\/logo\/image\/","url":"https:\/\/zano.outcondev.com\/wp-content\/uploads\/2023\/06\/zano-logo.svg","contentUrl":"https:\/\/zano.outcondev.com\/wp-content\/uploads\/2023\/06\/zano-logo.svg","caption":"Zano"},"image":{"@id":"https:\/\/zano.outcondev.com\/ro\/#\/schema\/logo\/image\/"},"sameAs":["https:\/\/www.facebook.com\/zanoinspire","https:\/\/www.instagram.com\/zanoinspire\/"]},{"@type":"Person","@id":"https:\/\/zano.outcondev.com\/ro\/#\/schema\/person\/e9d171ddcb1ba8c267ebcf90e74face1","name":"outcon-dev","image":{"@type":"ImageObject","inLanguage":"ro-RO","@id":"https:\/\/zano.outcondev.com\/ro\/#\/schema\/person\/image\/","url":"https:\/\/secure.gravatar.com\/avatar\/bb997fc8b69d93ce6b3adfe0a1c6a03aab7eed4c4e9df191034b63b90edd2db0?s=96&d=mm&r=g","contentUrl":"https:\/\/secure.gravatar.com\/avatar\/bb997fc8b69d93ce6b3adfe0a1c6a03aab7eed4c4e9df191034b63b90edd2db0?s=96&d=mm&r=g","caption":"outcon-dev"},"sameAs":["https:\/\/prd.zano.outcondev.com"]}]}},"_links":{"self":[{"href":"https:\/\/zano.outcondev.com\/ro\/wp-json\/wp\/v2\/posts\/2144","targetHints":{"allow":["GET"]}}],"collection":[{"href":"https:\/\/zano.outcondev.com\/ro\/wp-json\/wp\/v2\/posts"}],"about":[{"href":"https:\/\/zano.outcondev.com\/ro\/wp-json\/wp\/v2\/types\/post"}],"author":[{"embeddable":true,"href":"https:\/\/zano.outcondev.com\/ro\/wp-json\/wp\/v2\/users\/1"}],"replies":[{"embeddable":true,"href":"https:\/\/zano.outcondev.com\/ro\/wp-json\/wp\/v2\/comments?post=2144"}],"version-history":[{"count":1,"href":"https:\/\/zano.outcondev.com\/ro\/wp-json\/wp\/v2\/posts\/2144\/revisions"}],"predecessor-version":[{"id":6141,"href":"https:\/\/zano.outcondev.com\/ro\/wp-json\/wp\/v2\/posts\/2144\/revisions\/6141"}],"wp:featuredmedia":[{"embeddable":true,"href":"https:\/\/zano.outcondev.com\/ro\/wp-json\/wp\/v2\/media\/272"}],"wp:attachment":[{"href":"https:\/\/zano.outcondev.com\/ro\/wp-json\/wp\/v2\/media?parent=2144"}],"wp:term":[{"taxonomy":"category","embeddable":true,"href":"https:\/\/zano.outcondev.com\/ro\/wp-json\/wp\/v2\/categories?post=2144"},{"taxonomy":"post_tag","embeddable":true,"href":"https:\/\/zano.outcondev.com\/ro\/wp-json\/wp\/v2\/tags?post=2144"}],"curies":[{"name":"wp","href":"https:\/\/api.w.org\/{rel}","templated":true}]}}