{"id":5048,"date":"2023-10-12T08:22:33","date_gmt":"2023-10-12T08:22:33","guid":{"rendered":"https:\/\/zano.outcondev.com\/?p=5048"},"modified":"2024-04-03T13:15:36","modified_gmt":"2024-04-03T13:15:36","slug":"sa-punem-capat-imbolnavirilor-frecvente-la-gradinita","status":"publish","type":"post","link":"https:\/\/zano.outcondev.com\/ro\/sa-punem-capat-imbolnavirilor-frecvente-la-gradinita\/","title":{"rendered":"S\u0103 punem cap\u0103t \u00eemboln\u0103virilor frecvente la gr\u0103dini\u021b\u0103"},"content":{"rendered":"\n<p>\u00cemboln\u0103viri frecvente la gr\u0103dini\u021b\u0103 sau la cre\u0219\u0103? Acest scenariu este familiar pentru aproape fiecare p\u0103rinte. Infec\u021biile virale la unii micu\u021bi de aceast\u0103 v\u00e2rst\u0103 atac\u0103 uneori literalmente din s\u0103pt\u0103m\u00e2n\u0103-n s\u0103pt\u0103m\u00e2n\u0103. Iar acest lucru \u00eei epuizeaz\u0103 pe copii \u0219i \u00eei pune pe p\u0103rin\u021bi sub o presiune constant\u0103.\u00a0<br>\u00a0<br>Dac\u0103 micu\u021bul vostru \u00eencepe cre\u0219\u0103 sau gr\u0103dini\u021b\u0103 \u00een aceast\u0103 toamn\u0103, probabil c\u0103 sunte\u021bi nelini\u0219ti\u021bi acas\u0103 la g\u00e2ndul c\u0103 copilul dumneavoastr\u0103 va avea febr\u0103, rinit\u0103 \u0219i g\u00e2tul iritat timp de c\u00e2teva zile. \u00cengrijirea unui copil mic frecvent bolnav poate fi un calvar serios, mai ales pentru p\u0103rin\u021bii care lucreaz\u0103. Ad\u0103uga\u021bi la aceasta \u0219i \u00eengrijorarea dac\u0103 infec\u021bia va ceda u\u0219or sau ne va surprinde nepl\u0103cut cu complica\u021bii.\u00a0<br>\u00a0<br>Este mai mult dec\u00e2t clar c\u0103 este important s\u0103 se ia m\u0103suri de precau\u021bie \u00eempotriva \u00eemboln\u0103virilor frecvente \u00een gr\u0103dini\u021b\u0103. Este posibil acest lucru? Poate copilul nostru s\u0103 mearg\u0103 la gr\u0103dini\u021b\u0103 \u0219i s\u0103 scape complet de viru\u0219i? Cum putem s\u0103 ne asigur\u0103m c\u0103 r\u0103rim bolile?\u00a0<\/p>\n\n\n\n<h2 class=\"wp-block-heading\"><strong>Bolile sunt o etap\u0103 normal\u0103 a cre\u0219terii unui copil<\/strong><\/h2>\n\n\n\n<p>Oric\u00e2t de nepl\u0103cute ar fi, bolile din perioada de cre\u0219\u0103 \u0219i gr\u0103dini\u021b\u0103 fac parte din procesul de formare a imunit\u0103\u021bii la copii. \u00cen acest sens, nu exist\u0103 nicio modalitate de a-l proteja complet pe micu\u021b &#8211; mai devreme sau mai t\u00e2rziu, acesta va trebui s\u0103 treac\u0103 prin diverse tipuri de infec\u021bii virale pentru ca organismul s\u0103 \u00ee\u0219i construiasc\u0103 ap\u0103rarea natural\u0103.&nbsp;<\/p>\n\n\n\n<p>Copiii care nu au mers la cre\u0219\u0103 se \u00eemboln\u0103vesc de obicei mai des la gr\u0103dini\u021b\u0103. \u00cen aceea\u0219i m\u0103sur\u0103, cei mai mari copii din familie se \u00eemboln\u0103vesc mai des odat\u0103 cu contactul zilnic ini\u021bial cu grupuri mari de colegi. Prin \u00eenceperea cre\u0219ei sau a gr\u0103dini\u021bei, copiii mai mici din familie au deja o imunitate oarecum construit\u0103, deoarece probabil c\u0103 au petrecut mai multe \u00eemboln\u0103viri acas\u0103 pe l\u00e2ng\u0103 fra\u021bii \u0219i surorile lor mai mari.\u00a0<\/p>\n\n\n\n<figure class=\"wp-block-image size-large\"><img loading=\"lazy\" decoding=\"async\" width=\"1024\" height=\"683\" src=\"https:\/\/zano.outcondev.com\/wp-content\/uploads\/2023\/10\/Kindergarten-illness-1-1024x683.jpg\" alt=\"\" class=\"wp-image-4789\" srcset=\"https:\/\/zano.outcondev.com\/wp-content\/uploads\/2023\/10\/Kindergarten-illness-1-1024x683.jpg 1024w, https:\/\/zano.outcondev.com\/wp-content\/uploads\/2023\/10\/Kindergarten-illness-1-300x200.jpg 300w, https:\/\/zano.outcondev.com\/wp-content\/uploads\/2023\/10\/Kindergarten-illness-1-768x512.jpg 768w, https:\/\/zano.outcondev.com\/wp-content\/uploads\/2023\/10\/Kindergarten-illness-1-1536x1025.jpg 1536w, https:\/\/zano.outcondev.com\/wp-content\/uploads\/2023\/10\/Kindergarten-illness-1-2048x1366.jpg 2048w, https:\/\/zano.outcondev.com\/wp-content\/uploads\/2023\/10\/Kindergarten-illness-1-600x400.jpg 600w\" sizes=\"auto, (max-width: 1024px) 100vw, 1024px\" \/><\/figure>\n\n\n\n<p>Acesta este motivul pentru care am dori s\u0103 v\u0103 asigur\u0103m c\u0103 nu trebuie s\u0103 c\u0103de\u021bi \u00een disperare la 1 &#8211; 2 cazuri de febr\u0103 u\u0219oar\u0103 \u0219i muci. Acest lucru nu \u00eenseamn\u0103 c\u0103 cre\u0219a sau gr\u0103dini\u021ba sunt &#8222;periculoase&#8221; pentru copilul dumneavoastr\u0103 \u0219i c\u0103 \u00eei vor afecta s\u0103n\u0103tatea. Pur \u0219i simplu, organismul \u00eenc\u0103 neobi\u0219nuit al unui copil este mai sensibil la contactul zilnic cu virusurile care circul\u0103 \u00een grupuri de 20 sau chiar 30 de copii \u00een gr\u0103dini\u021b\u0103. Nu uita\u021bi c\u0103, cu fiecare urm\u0103tor an, num\u0103rul de \u00eemboln\u0103viri ar trebui s\u0103 \u00eenceap\u0103 s\u0103 scad\u0103.\u00a0<\/p>\n\n\n\n<h2 class=\"wp-block-heading\"><strong>Ce se consider\u0103 de fapt \u00eemboln\u0103vire frecvent\u0103?<\/strong>\u00a0<\/h2>\n\n\n\n<p>\u00cen mod obi\u0219nuit, un copil mic se \u00eemboln\u0103ve\u0219te de 6-8 ori pe an din cauza infec\u021biilor respiratorii virale. Aceasta este, bine\u00een\u021beles, o cifr\u0103 medie \u0219i nu trebuie s\u0103 v\u0103 face\u021bi griji dac\u0103 copilul dumneavoastr\u0103 se \u00eemboln\u0103ve\u0219te mai des, chiar \u0219i de 10-12 ori pe an. Acest lucru este acceptat ca fiind normal, mai ales la v\u00e2rsta de doi \u0219i trei ani, care abia \u00eencep cre\u0219ele sau gr\u0103dini\u021bele.&nbsp;<\/p>\n\n\n\n<p>Odat\u0103 cu \u00eent\u0103rirea treptat\u0103 a organismului copilului \u0219i \u00eent\u0103rirea imunit\u0103\u021bii, ve\u021bi observa cu u\u0219urare c\u0103 afec\u021biunile nu mai sunt at\u00e2t de frecvente. De obicei, la v\u00e2rsta \u0219colar\u0103, bolile virale mai grave sunt de aproximativ 2-3 ori pe an.<\/p>\n\n\n\n<h2 class=\"wp-block-heading\"><strong>\u00cemboln\u0103virea \u00een gr\u0103dini\u021b\u0103 nu trebuie \u00eens\u0103 ignorat\u0103<\/strong><\/h2>\n\n\n\n<p>Dup\u0103 ce v-am lini\u0219tit, este corect s\u0103 spunem c\u0103 nu trebuie s\u0103 trece\u021bi cu vederea simptomele unei infec\u021bii virale la copiii dumneavoastr\u0103 mici.&nbsp;<\/p>\n\n\n\n<p>Da, aceast\u0103 faz\u0103 este normal\u0103, dar este important ca, atunci c\u00e2nd apar primele simptome, s\u0103 \u00eei oferi\u021bi micului dumneavoastr\u0103 pacient o pauz\u0103 acas\u0103 \u0219i s\u0103 \u00eei monitoriza\u021bi starea. De obicei, infec\u021biile virale la copii cedeaz\u0103 \u00een c\u00e2teva zile, iar medicii personali prescriu doar un tratament simptomatic pentru ameliorarea curgerii nasului, a tusei \u0219i a febrei. Cu toate acestea, nu l\u0103sa\u021bi la cre\u0219\u0103 un copil cu nas care curge sau dac\u0103 este mole\u0219it. Nu numai c\u0103 \u00eei va infecta pe ceilal\u021bi copii de acolo, dar risca\u021bi \u0219i ca simptomele sale s\u0103 se agraveze, iar perioada de recuperare s\u0103 se prelungeasc\u0103 considerabil.&nbsp;<\/p>\n\n\n\n<p>La copiii cu febr\u0103, de exemplu, poate ap\u0103rea cu u\u0219urin\u021b\u0103 deshidratarea. Iar nasul care curge are nevoie de o terapie adecvat\u0103 pentru a lichefia secre\u021bia \u0219i a o sufla, altfel aceasta r\u0103m\u00e2ne blocat\u0103 \u00een nazofaringe, se scurge \u00een g\u00e2t \u0219i duce la o agravare a procesului inflamator.\u00a0<br>\u00a0<br>Prin urmare, oric\u00e2t de nepl\u0103cut ar fi tot timpul la c\u00e2teva zile sau din s\u0103pt\u0103m\u00e2n\u0103 \u00een s\u0103pt\u0103m\u00e2n\u0103 s\u0103 trage\u021bi o fug\u0103 urgent \u00een gr\u0103dini\u021b\u0103 pentru a lua copilul bolnav, nu am\u00e2na\u021bi aceste momente. Este bine s\u0103 v\u0103 fi organizat astfel \u00eenc\u00e2t s\u0103 pute\u021bi reac\u021biona chiar \u00eenainte de a l\u0103sa copilul s\u0103 mearg\u0103 pentru prima dat\u0103 la cre\u0219\u0103 sau la gr\u0103dini\u021b\u0103. Mobiliza\u021bi ajutorul bunicilor pentru ajutor sau discuta\u021bi cu colegii \u0219i \u0219efii pentru a trece temporar la un program de lucru mai flexibil. \u00cen acest fel, ve\u021bi fi preg\u0103ti\u021bi s\u0103 trece\u021bi prin inevitabila perioad\u0103 de \u00eemboln\u0103viri frecvente cu un minim de stres pentru dvs. \u0219i pentru copilul dvs.\u00a0 \u00a0<\/p>\n\n\n\n<h2 class=\"wp-block-heading\"><strong>Cum s\u0103 protej\u0103m copilul de infec\u021biile virale<\/strong><\/h2>\n\n\n\n<p>De\u0219i nu exist\u0103 nicio modalitate de a exclude complet bolile \u00een gr\u0103dini\u021b\u0103, putem ajuta organismul copiilor s\u0103 se \u00eent\u0103reasc\u0103 mai repede. Cu o igien\u0103 adecvat\u0103 a stilului de via\u021b\u0103 \u0219i cu stabilirea unor obiceiuri bune, este foarte posibil ca micu\u021bul dumneavoastr\u0103 s\u0103 stea mai rar \u00een pat acas\u0103!&nbsp;<\/p>\n\n\n\n<p>\u00cen primul r\u00e2nd &#8211; \u00eenv\u0103\u021ba\u021bi-v\u0103 copilul s\u0103 se spele des pe m\u00e2ini. Atingerea obiectelor care au particule virale ag\u0103\u021bate de ele este una dintre cele mai frecvente cauze ale infec\u021biilor. A\u0219adar, \u00eenc\u0103 de la o v\u00e2rst\u0103 fraged\u0103, copiii ar trebui s\u0103 se obi\u0219nuiasc\u0103 s\u0103 se spele frecvent pe m\u00e2ini cu ap\u0103 cald\u0103 \u0219i s\u0103pun, frec\u00e2nd de fiecare dat\u0103 timp de aproximativ 15 secunde.\u00a0<br>\u00a0<br>De asemenea, copilul dumneavoastr\u0103 are nevoie de suficient somn, de lumin\u0103 natural\u0103 \u0219i de plimb\u0103ri. Statul \u00een cas\u0103 \u0219i petrecerea unor ore lungi \u00een fa\u021ba televizorului nu va contribui cu nimic la dezvoltarea imunit\u0103\u021bii. \u00cenlocui\u021bi-le cu jocuri \u00een parc \u0219i, de ce nu, cu sporturi adecvate v\u00e2rstei \u0219i intereselor copilului. (1) Se consider\u0103 c\u0103 un copil mic are nevoie de o or\u0103 p\u00e2n\u0103 la o or\u0103 \u0219i jum\u0103tate de joac\u0103 activ\u0103 sau de sport pe zi pentru ca s\u00e2ngele s\u0103 circule activ \u00een organism, mu\u0219chii s\u0103 se \u00eent\u0103reasc\u0103, iar inima \u0219i pl\u0103m\u00e2nii s\u0103 se dezvolte normal \u0219i s\u0103n\u0103tos. Iar una dintre cele mai benefice modalit\u0103\u021bi de a face acest lucru este \u00eenotul, care nu numai c\u0103 angajeaz\u0103 mu\u0219chii f\u0103r\u0103 a provoca eforturi excesive, dar \u00eei calmeaz\u0103 pe copii din punct de vedere mental \u0219i \u00eei ajut\u0103 s\u0103 doarm\u0103 mai bine.\u00a0 \u00a0<br>\u00a0<br>Apropo de somn, copiii mici au nevoie de 12 p\u00e2n\u0103 la 16 ore de somn \u00een fiecare noapte pentru ca ap\u0103rarea lor imunitar\u0103 s\u0103 func\u021bioneze normal. La aceasta trebuie s\u0103 ad\u0103ug\u0103m un model alimentar s\u0103n\u0103tos. Se recomand\u0103 un aport de cinci por\u021bii de fructe \u0219i legume pe zi, precum \u0219i o cantitate suficient\u0103 de proteine curate \u0219i cereale integrale. Bine\u00een\u021beles, v\u0103 pute\u021bi r\u0103sf\u0103\u021ba copilul cu ceva dulce, cum ar fi ciocolata sau \u00eenghe\u021bata, dar acestea nu trebuie s\u0103 devin\u0103 un obicei zilnic. (2)\u00a0<\/p>\n\n\n\n<figure class=\"wp-block-image size-large\"><img loading=\"lazy\" decoding=\"async\" width=\"683\" height=\"1024\" src=\"https:\/\/zano.outcondev.com\/wp-content\/uploads\/2023\/10\/Kindergarten-illness-2-683x1024.jpg\" alt=\"\" class=\"wp-image-4794\" srcset=\"https:\/\/zano.outcondev.com\/wp-content\/uploads\/2023\/10\/Kindergarten-illness-2-683x1024.jpg 683w, https:\/\/zano.outcondev.com\/wp-content\/uploads\/2023\/10\/Kindergarten-illness-2-200x300.jpg 200w, https:\/\/zano.outcondev.com\/wp-content\/uploads\/2023\/10\/Kindergarten-illness-2-768x1152.jpg 768w, https:\/\/zano.outcondev.com\/wp-content\/uploads\/2023\/10\/Kindergarten-illness-2-1024x1536.jpg 1024w, https:\/\/zano.outcondev.com\/wp-content\/uploads\/2023\/10\/Kindergarten-illness-2-1365x2048.jpg 1365w, https:\/\/zano.outcondev.com\/wp-content\/uploads\/2023\/10\/Kindergarten-illness-2-600x900.jpg 600w, https:\/\/zano.outcondev.com\/wp-content\/uploads\/2023\/10\/Kindergarten-illness-2-scaled.jpg 1707w\" sizes=\"auto, (max-width: 683px) 100vw, 683px\" \/><\/figure>\n\n\n\n<h2 class=\"wp-block-heading\"><strong>Pentru o recuperare mai rapid\u0103 a copilului bolnav<\/strong><\/h2>\n\n\n\n<p>Am men\u021bionat deja c\u0103, atunci c\u00e2nd apar simptomele unei infec\u021bii virale, mai \u00eent\u00e2i copilul trebuie s\u0103 fie luat acas\u0103, unde se poate odihni \u00een pace.&nbsp;<\/p>\n\n\n\n<p>Dac\u0103 nu are poft\u0103 de m\u00e2ncare, nu-l for\u021ba\u021bi s\u0103 m\u0103n\u00e2nce. Alimentele ar trebui s\u0103 fie u\u0219oare \u0219i u\u0219or de digerat de organism, iar fructele, supele \u0219i ciorbele sunt excelente \u00een acest sens. Da\u021bi-i copilului dumneavoastr\u0103 ap\u0103 sau ceai des, mai ales dac\u0103 are febr\u0103, v\u0103rs\u0103turi sau stomac deranjat &#8211; astfel ve\u021bi evita deshidratarea.\u00a0<\/p>\n\n\n\n<p>Plimb\u0103rile scurte \u00een aer liber sunt o modalitate excelent\u0103 de a \u00eenveseli un copil, mai ales dac\u0103 nu se simte foarte obosit. De asemenea, ele ajut\u0103 foarte mult \u00een cazul unei rinite dureroase \u0219i puternice, iar \u00een aceste cazuri este foarte util s\u0103 ave\u021bi acas\u0103 un inhalator. \u00cen farmacii \u0219i online pute\u021bi g\u0103si o mare varietate de inhalatoare. \u00cen aceste zile, importan\u021ba rolului terapiei cu inhalatoare cap\u0103t\u0103 o mai mare \u00een\u021belegere, acceptare \u0219i integrare \u00een familii. Op\u021biunile de tratament inhalator cap\u0103t\u0103 importan\u021b\u0103, oferind noi modalit\u0103\u021bi de tratare \u0219i prevenire a diferitelor boli respiratorii la pacien\u021bii din toate grupele de v\u00e2rst\u0103. \u00cen trecutul recent, tratamentul copiilor era adesea complicat de incapacitatea de a administra medicamente inhalate sau de necesitatea unor echipamente spitalice\u0219ti speciale. Inhalatorul ajut\u0103 la administrarea medicamentelor direct la nivelul c\u0103ilor respiratorii \u0219i al pl\u0103m\u00e2nilor printr-o abordare terapeutic\u0103. Pe l\u00e2ng\u0103 faptul c\u0103 este u\u0219or de utilizat, inhalatorul va ajuta la lichefierea secre\u021biilor nazale \u0219i, \u00eentr-un mod rapid \u0219i inofensiv, va ajuta copilul s\u0103 respire mai u\u0219or. Avantajele tratamentului inhalat sunt asociate cu utilizarea unor doze mai mici de medicamente, penetrarea rapid\u0103 \u00een profunzime \u0219i riscul sc\u0103zut de efecte secundare. Dezavantajul unor modele este c\u0103 sunt zgomotoase, iar acest lucru \u00eel poate speria pe copil \u0219i cu siguran\u021b\u0103 va refuza s\u0103-l foloseasc\u0103, a\u0219a c\u0103 alege\u021bi un <a href=\"https:\/\/zano.outcondev.com\" target=\"_blank\" rel=\"noreferrer noopener\">inhalator cu un mod de func\u021bionare silen\u021bios<\/a> &#8211; mult mai pl\u0103cut de folosit, mai ales cu cei mici.\u00a0<\/p>\n\n\n\n<p>&nbsp;<br>1 &#8211; <a href=\"https:\/\/www.texaschildrens.org\/blog\/can-exercise-boost-immune-function-children\" target=\"_blank\" rel=\"noreferrer noopener\">https:\/\/www.texaschildrens.org\/blog\/can-exercise-boost-immune-function-children<\/a>&nbsp;<\/p>\n\n\n\n<p>2 &#8211; <a href=\"https:\/\/www.health.harvard.edu\/blog\/boosting-your-childs-immune-system-202110122614\" target=\"_blank\" rel=\"noreferrer noopener\">https:\/\/www.health.harvard.edu\/blog\/boosting-your-childs-immune-system-202110122614<\/a>&nbsp;<\/p>\n","protected":false},"excerpt":{"rendered":"<p>\u00cemboln\u0103viri frecvente la gr\u0103dini\u021b\u0103 sau la cre\u0219\u0103? Acest scenariu este familiar pentru aproape fiecare p\u0103rinte. Infec\u021biile virale la unii micu\u021bi de aceast\u0103 v\u00e2rst\u0103 atac\u0103 uneori literalmente din s\u0103pt\u0103m\u00e2n\u0103-n s\u0103pt\u0103m\u00e2n\u0103. Iar acest lucru \u00eei epuizeaz\u0103 pe copii \u0219i \u00eei pune pe p\u0103rin\u021bi sub o presiune constant\u0103.\u00a0\u00a0Dac\u0103 micu\u021bul vostru \u00eencepe cre\u0219\u0103 sau gr\u0103dini\u021b\u0103 \u00een aceast\u0103 toamn\u0103, probabil [&hellip;]<\/p>\n","protected":false},"author":4,"featured_media":4799,"comment_status":"open","ping_status":"open","sticky":false,"template":"","format":"standard","meta":{"_acf_changed":false,"footnotes":""},"categories":[93],"tags":[356,354,355],"class_list":["post-5048","post","type-post","status-publish","format-standard","has-post-thumbnail","hentry","category-articles-ro-ro","tag-imbolnavirilor","tag-zano-3","tag-zano-inspire-3"],"acf":[],"yoast_head":"<!-- This site is optimized with the Yoast SEO plugin v25.4 - https:\/\/yoast.com\/wordpress\/plugins\/seo\/ -->\n<title>S\u0103 punem cap\u0103t \u00eemboln\u0103virilor frecvente la gr\u0103dini\u021b\u0103 &#062; Zano<\/title>\n<meta name=\"description\" content=\"\u00cemboln\u0103viri frecvente la gr\u0103dini\u021b\u0103 sau la cre\u0219\u0103? Acest scenariu este familiar pentru aproape fiecare p\u0103rinte. Infec\u021biile virale la unii micu\u021bi de aceast\u0103 v\u00e2rst\u0103 atac\u0103 uneori literalmente din s\u0103pt\u0103m\u00e2n\u0103-n s\u0103pt\u0103m\u00e2n\u0103. Iar acest lucru \u00eei epuizeaz\u0103 pe copii \u0219i \u00eei pune pe p\u0103rin\u021bi sub o presiune constant\u0103.\" \/>\n<meta name=\"robots\" content=\"noindex, follow, max-snippet:-1, max-image-preview:large, max-video-preview:-1\" \/>\n<meta property=\"og:locale\" content=\"ro_RO\" \/>\n<meta property=\"og:type\" content=\"article\" \/>\n<meta property=\"og:title\" content=\"S\u0103 punem cap\u0103t \u00eemboln\u0103virilor frecvente la gr\u0103dini\u021b\u0103 &#062; Zano\" \/>\n<meta property=\"og:description\" content=\"\u00cemboln\u0103viri frecvente la gr\u0103dini\u021b\u0103 sau la cre\u0219\u0103? Acest scenariu este familiar pentru aproape fiecare p\u0103rinte. Infec\u021biile virale la unii micu\u021bi de aceast\u0103 v\u00e2rst\u0103 atac\u0103 uneori literalmente din s\u0103pt\u0103m\u00e2n\u0103-n s\u0103pt\u0103m\u00e2n\u0103. Iar acest lucru \u00eei epuizeaz\u0103 pe copii \u0219i \u00eei pune pe p\u0103rin\u021bi sub o presiune constant\u0103.\" \/>\n<meta property=\"og:url\" content=\"https:\/\/zano.outcondev.com\/ro\/sa-punem-capat-imbolnavirilor-frecvente-la-gradinita\/\" \/>\n<meta property=\"og:site_name\" content=\"Zano\" \/>\n<meta property=\"article:publisher\" content=\"https:\/\/www.facebook.com\/zanoinspire\" \/>\n<meta property=\"article:published_time\" content=\"2023-10-12T08:22:33+00:00\" \/>\n<meta property=\"article:modified_time\" content=\"2024-04-03T13:15:36+00:00\" \/>\n<meta property=\"og:image\" content=\"https:\/\/zano.outcondev.com\/wp-content\/uploads\/2023\/10\/Kindergarten-illness-scaled.jpg\" \/>\n\t<meta property=\"og:image:width\" content=\"2560\" \/>\n\t<meta property=\"og:image:height\" content=\"1707\" \/>\n\t<meta property=\"og:image:type\" content=\"image\/jpeg\" \/>\n<meta name=\"author\" content=\"yilieva\" \/>\n<meta name=\"twitter:card\" content=\"summary_large_image\" \/>\n<meta name=\"twitter:label1\" content=\"Scris de\" \/>\n\t<meta name=\"twitter:data1\" content=\"yilieva\" \/>\n<script type=\"application\/ld+json\" class=\"yoast-schema-graph\">{\"@context\":\"https:\/\/schema.org\",\"@graph\":[{\"@type\":\"Article\",\"@id\":\"https:\/\/zano.outcondev.com\/ro\/sa-punem-capat-imbolnavirilor-frecvente-la-gradinita\/#article\",\"isPartOf\":{\"@id\":\"https:\/\/zano.outcondev.com\/ro\/sa-punem-capat-imbolnavirilor-frecvente-la-gradinita\/\"},\"author\":{\"name\":\"yilieva\",\"@id\":\"https:\/\/zano.outcondev.com\/ro\/#\/schema\/person\/2a0d97641a1363d86fec9d026e88c519\"},\"headline\":\"S\u0103 punem cap\u0103t \u00eemboln\u0103virilor frecvente la gr\u0103dini\u021b\u0103\",\"datePublished\":\"2023-10-12T08:22:33+00:00\",\"dateModified\":\"2024-04-03T13:15:36+00:00\",\"mainEntityOfPage\":{\"@id\":\"https:\/\/zano.outcondev.com\/ro\/sa-punem-capat-imbolnavirilor-frecvente-la-gradinita\/\"},\"wordCount\":1702,\"commentCount\":0,\"publisher\":{\"@id\":\"https:\/\/zano.outcondev.com\/ro\/#organization\"},\"image\":{\"@id\":\"https:\/\/zano.outcondev.com\/ro\/sa-punem-capat-imbolnavirilor-frecvente-la-gradinita\/#primaryimage\"},\"thumbnailUrl\":\"https:\/\/zano.outcondev.com\/wp-content\/uploads\/2023\/10\/Kindergarten-illness-scaled.jpg\",\"keywords\":[\"\u00eemboln\u0103virilor\",\"zano\",\"zano inspire\"],\"articleSection\":[\"articles-ro\"],\"inLanguage\":\"ro-RO\",\"potentialAction\":[{\"@type\":\"CommentAction\",\"name\":\"Comment\",\"target\":[\"https:\/\/zano.outcondev.com\/ro\/sa-punem-capat-imbolnavirilor-frecvente-la-gradinita\/#respond\"]}]},{\"@type\":\"WebPage\",\"@id\":\"https:\/\/zano.outcondev.com\/ro\/sa-punem-capat-imbolnavirilor-frecvente-la-gradinita\/\",\"url\":\"https:\/\/zano.outcondev.com\/ro\/sa-punem-capat-imbolnavirilor-frecvente-la-gradinita\/\",\"name\":\"S\u0103 punem cap\u0103t \u00eemboln\u0103virilor frecvente la gr\u0103dini\u021b\u0103 &#062; Zano\",\"isPartOf\":{\"@id\":\"https:\/\/zano.outcondev.com\/ro\/#website\"},\"primaryImageOfPage\":{\"@id\":\"https:\/\/zano.outcondev.com\/ro\/sa-punem-capat-imbolnavirilor-frecvente-la-gradinita\/#primaryimage\"},\"image\":{\"@id\":\"https:\/\/zano.outcondev.com\/ro\/sa-punem-capat-imbolnavirilor-frecvente-la-gradinita\/#primaryimage\"},\"thumbnailUrl\":\"https:\/\/zano.outcondev.com\/wp-content\/uploads\/2023\/10\/Kindergarten-illness-scaled.jpg\",\"datePublished\":\"2023-10-12T08:22:33+00:00\",\"dateModified\":\"2024-04-03T13:15:36+00:00\",\"description\":\"\u00cemboln\u0103viri frecvente la gr\u0103dini\u021b\u0103 sau la cre\u0219\u0103? Acest scenariu este familiar pentru aproape fiecare p\u0103rinte. Infec\u021biile virale la unii micu\u021bi de aceast\u0103 v\u00e2rst\u0103 atac\u0103 uneori literalmente din s\u0103pt\u0103m\u00e2n\u0103-n s\u0103pt\u0103m\u00e2n\u0103. Iar acest lucru \u00eei epuizeaz\u0103 pe copii \u0219i \u00eei pune pe p\u0103rin\u021bi sub o presiune constant\u0103.\",\"breadcrumb\":{\"@id\":\"https:\/\/zano.outcondev.com\/ro\/sa-punem-capat-imbolnavirilor-frecvente-la-gradinita\/#breadcrumb\"},\"inLanguage\":\"ro-RO\",\"potentialAction\":[{\"@type\":\"ReadAction\",\"target\":[\"https:\/\/zano.outcondev.com\/ro\/sa-punem-capat-imbolnavirilor-frecvente-la-gradinita\/\"]}]},{\"@type\":\"ImageObject\",\"inLanguage\":\"ro-RO\",\"@id\":\"https:\/\/zano.outcondev.com\/ro\/sa-punem-capat-imbolnavirilor-frecvente-la-gradinita\/#primaryimage\",\"url\":\"https:\/\/zano.outcondev.com\/wp-content\/uploads\/2023\/10\/Kindergarten-illness-scaled.jpg\",\"contentUrl\":\"https:\/\/zano.outcondev.com\/wp-content\/uploads\/2023\/10\/Kindergarten-illness-scaled.jpg\",\"width\":2560,\"height\":1707},{\"@type\":\"BreadcrumbList\",\"@id\":\"https:\/\/zano.outcondev.com\/ro\/sa-punem-capat-imbolnavirilor-frecvente-la-gradinita\/#breadcrumb\",\"itemListElement\":[{\"@type\":\"ListItem\",\"position\":1,\"name\":\"\u041d\u0430\u0447\u0430\u043b\u043e\",\"item\":\"https:\/\/zano.outcondev.com\/ro\/\"},{\"@type\":\"ListItem\",\"position\":2,\"name\":\"S\u0103 punem cap\u0103t \u00eemboln\u0103virilor frecvente la gr\u0103dini\u021b\u0103\"}]},{\"@type\":\"WebSite\",\"@id\":\"https:\/\/zano.outcondev.com\/ro\/#website\",\"url\":\"https:\/\/zano.outcondev.com\/ro\/\",\"name\":\"Zano\",\"description\":\"Zano\",\"publisher\":{\"@id\":\"https:\/\/zano.outcondev.com\/ro\/#organization\"},\"potentialAction\":[{\"@type\":\"SearchAction\",\"target\":{\"@type\":\"EntryPoint\",\"urlTemplate\":\"https:\/\/zano.outcondev.com\/ro\/?s={search_term_string}\"},\"query-input\":{\"@type\":\"PropertyValueSpecification\",\"valueRequired\":true,\"valueName\":\"search_term_string\"}}],\"inLanguage\":\"ro-RO\"},{\"@type\":\"Organization\",\"@id\":\"https:\/\/zano.outcondev.com\/ro\/#organization\",\"name\":\"Zano\",\"url\":\"https:\/\/zano.outcondev.com\/ro\/\",\"logo\":{\"@type\":\"ImageObject\",\"inLanguage\":\"ro-RO\",\"@id\":\"https:\/\/zano.outcondev.com\/ro\/#\/schema\/logo\/image\/\",\"url\":\"https:\/\/zano.outcondev.com\/wp-content\/uploads\/2023\/06\/zano-logo.svg\",\"contentUrl\":\"https:\/\/zano.outcondev.com\/wp-content\/uploads\/2023\/06\/zano-logo.svg\",\"caption\":\"Zano\"},\"image\":{\"@id\":\"https:\/\/zano.outcondev.com\/ro\/#\/schema\/logo\/image\/\"},\"sameAs\":[\"https:\/\/www.facebook.com\/zanoinspire\",\"https:\/\/www.instagram.com\/zanoinspire\/\"]},{\"@type\":\"Person\",\"@id\":\"https:\/\/zano.outcondev.com\/ro\/#\/schema\/person\/2a0d97641a1363d86fec9d026e88c519\",\"name\":\"yilieva\",\"image\":{\"@type\":\"ImageObject\",\"inLanguage\":\"ro-RO\",\"@id\":\"https:\/\/zano.outcondev.com\/ro\/#\/schema\/person\/image\/\",\"url\":\"https:\/\/secure.gravatar.com\/avatar\/658233976560f6a6006ae265893efc74a7d89e1d77a40ee848e12d5f4c51db46?s=96&d=mm&r=g\",\"contentUrl\":\"https:\/\/secure.gravatar.com\/avatar\/658233976560f6a6006ae265893efc74a7d89e1d77a40ee848e12d5f4c51db46?s=96&d=mm&r=g\",\"caption\":\"yilieva\"}}]}<\/script>\n<!-- \/ Yoast SEO plugin. -->","yoast_head_json":{"title":"S\u0103 punem cap\u0103t \u00eemboln\u0103virilor frecvente la gr\u0103dini\u021b\u0103 &#062; Zano","description":"\u00cemboln\u0103viri frecvente la gr\u0103dini\u021b\u0103 sau la cre\u0219\u0103? Acest scenariu este familiar pentru aproape fiecare p\u0103rinte. Infec\u021biile virale la unii micu\u021bi de aceast\u0103 v\u00e2rst\u0103 atac\u0103 uneori literalmente din s\u0103pt\u0103m\u00e2n\u0103-n s\u0103pt\u0103m\u00e2n\u0103. Iar acest lucru \u00eei epuizeaz\u0103 pe copii \u0219i \u00eei pune pe p\u0103rin\u021bi sub o presiune constant\u0103.","robots":{"index":"noindex","follow":"follow","max-snippet":"max-snippet:-1","max-image-preview":"max-image-preview:large","max-video-preview":"max-video-preview:-1"},"og_locale":"ro_RO","og_type":"article","og_title":"S\u0103 punem cap\u0103t \u00eemboln\u0103virilor frecvente la gr\u0103dini\u021b\u0103 &#062; Zano","og_description":"\u00cemboln\u0103viri frecvente la gr\u0103dini\u021b\u0103 sau la cre\u0219\u0103? Acest scenariu este familiar pentru aproape fiecare p\u0103rinte. Infec\u021biile virale la unii micu\u021bi de aceast\u0103 v\u00e2rst\u0103 atac\u0103 uneori literalmente din s\u0103pt\u0103m\u00e2n\u0103-n s\u0103pt\u0103m\u00e2n\u0103. Iar acest lucru \u00eei epuizeaz\u0103 pe copii \u0219i \u00eei pune pe p\u0103rin\u021bi sub o presiune constant\u0103.","og_url":"https:\/\/zano.outcondev.com\/ro\/sa-punem-capat-imbolnavirilor-frecvente-la-gradinita\/","og_site_name":"Zano","article_publisher":"https:\/\/www.facebook.com\/zanoinspire","article_published_time":"2023-10-12T08:22:33+00:00","article_modified_time":"2024-04-03T13:15:36+00:00","og_image":[{"width":2560,"height":1707,"url":"https:\/\/zano.outcondev.com\/wp-content\/uploads\/2023\/10\/Kindergarten-illness-scaled.jpg","type":"image\/jpeg"}],"author":"yilieva","twitter_card":"summary_large_image","twitter_misc":{"Scris de":"yilieva"},"schema":{"@context":"https:\/\/schema.org","@graph":[{"@type":"Article","@id":"https:\/\/zano.outcondev.com\/ro\/sa-punem-capat-imbolnavirilor-frecvente-la-gradinita\/#article","isPartOf":{"@id":"https:\/\/zano.outcondev.com\/ro\/sa-punem-capat-imbolnavirilor-frecvente-la-gradinita\/"},"author":{"name":"yilieva","@id":"https:\/\/zano.outcondev.com\/ro\/#\/schema\/person\/2a0d97641a1363d86fec9d026e88c519"},"headline":"S\u0103 punem cap\u0103t \u00eemboln\u0103virilor frecvente la gr\u0103dini\u021b\u0103","datePublished":"2023-10-12T08:22:33+00:00","dateModified":"2024-04-03T13:15:36+00:00","mainEntityOfPage":{"@id":"https:\/\/zano.outcondev.com\/ro\/sa-punem-capat-imbolnavirilor-frecvente-la-gradinita\/"},"wordCount":1702,"commentCount":0,"publisher":{"@id":"https:\/\/zano.outcondev.com\/ro\/#organization"},"image":{"@id":"https:\/\/zano.outcondev.com\/ro\/sa-punem-capat-imbolnavirilor-frecvente-la-gradinita\/#primaryimage"},"thumbnailUrl":"https:\/\/zano.outcondev.com\/wp-content\/uploads\/2023\/10\/Kindergarten-illness-scaled.jpg","keywords":["\u00eemboln\u0103virilor","zano","zano inspire"],"articleSection":["articles-ro"],"inLanguage":"ro-RO","potentialAction":[{"@type":"CommentAction","name":"Comment","target":["https:\/\/zano.outcondev.com\/ro\/sa-punem-capat-imbolnavirilor-frecvente-la-gradinita\/#respond"]}]},{"@type":"WebPage","@id":"https:\/\/zano.outcondev.com\/ro\/sa-punem-capat-imbolnavirilor-frecvente-la-gradinita\/","url":"https:\/\/zano.outcondev.com\/ro\/sa-punem-capat-imbolnavirilor-frecvente-la-gradinita\/","name":"S\u0103 punem cap\u0103t \u00eemboln\u0103virilor frecvente la gr\u0103dini\u021b\u0103 &#062; Zano","isPartOf":{"@id":"https:\/\/zano.outcondev.com\/ro\/#website"},"primaryImageOfPage":{"@id":"https:\/\/zano.outcondev.com\/ro\/sa-punem-capat-imbolnavirilor-frecvente-la-gradinita\/#primaryimage"},"image":{"@id":"https:\/\/zano.outcondev.com\/ro\/sa-punem-capat-imbolnavirilor-frecvente-la-gradinita\/#primaryimage"},"thumbnailUrl":"https:\/\/zano.outcondev.com\/wp-content\/uploads\/2023\/10\/Kindergarten-illness-scaled.jpg","datePublished":"2023-10-12T08:22:33+00:00","dateModified":"2024-04-03T13:15:36+00:00","description":"\u00cemboln\u0103viri frecvente la gr\u0103dini\u021b\u0103 sau la cre\u0219\u0103? Acest scenariu este familiar pentru aproape fiecare p\u0103rinte. Infec\u021biile virale la unii micu\u021bi de aceast\u0103 v\u00e2rst\u0103 atac\u0103 uneori literalmente din s\u0103pt\u0103m\u00e2n\u0103-n s\u0103pt\u0103m\u00e2n\u0103. Iar acest lucru \u00eei epuizeaz\u0103 pe copii \u0219i \u00eei pune pe p\u0103rin\u021bi sub o presiune constant\u0103.","breadcrumb":{"@id":"https:\/\/zano.outcondev.com\/ro\/sa-punem-capat-imbolnavirilor-frecvente-la-gradinita\/#breadcrumb"},"inLanguage":"ro-RO","potentialAction":[{"@type":"ReadAction","target":["https:\/\/zano.outcondev.com\/ro\/sa-punem-capat-imbolnavirilor-frecvente-la-gradinita\/"]}]},{"@type":"ImageObject","inLanguage":"ro-RO","@id":"https:\/\/zano.outcondev.com\/ro\/sa-punem-capat-imbolnavirilor-frecvente-la-gradinita\/#primaryimage","url":"https:\/\/zano.outcondev.com\/wp-content\/uploads\/2023\/10\/Kindergarten-illness-scaled.jpg","contentUrl":"https:\/\/zano.outcondev.com\/wp-content\/uploads\/2023\/10\/Kindergarten-illness-scaled.jpg","width":2560,"height":1707},{"@type":"BreadcrumbList","@id":"https:\/\/zano.outcondev.com\/ro\/sa-punem-capat-imbolnavirilor-frecvente-la-gradinita\/#breadcrumb","itemListElement":[{"@type":"ListItem","position":1,"name":"\u041d\u0430\u0447\u0430\u043b\u043e","item":"https:\/\/zano.outcondev.com\/ro\/"},{"@type":"ListItem","position":2,"name":"S\u0103 punem cap\u0103t \u00eemboln\u0103virilor frecvente la gr\u0103dini\u021b\u0103"}]},{"@type":"WebSite","@id":"https:\/\/zano.outcondev.com\/ro\/#website","url":"https:\/\/zano.outcondev.com\/ro\/","name":"Zano","description":"Zano","publisher":{"@id":"https:\/\/zano.outcondev.com\/ro\/#organization"},"potentialAction":[{"@type":"SearchAction","target":{"@type":"EntryPoint","urlTemplate":"https:\/\/zano.outcondev.com\/ro\/?s={search_term_string}"},"query-input":{"@type":"PropertyValueSpecification","valueRequired":true,"valueName":"search_term_string"}}],"inLanguage":"ro-RO"},{"@type":"Organization","@id":"https:\/\/zano.outcondev.com\/ro\/#organization","name":"Zano","url":"https:\/\/zano.outcondev.com\/ro\/","logo":{"@type":"ImageObject","inLanguage":"ro-RO","@id":"https:\/\/zano.outcondev.com\/ro\/#\/schema\/logo\/image\/","url":"https:\/\/zano.outcondev.com\/wp-content\/uploads\/2023\/06\/zano-logo.svg","contentUrl":"https:\/\/zano.outcondev.com\/wp-content\/uploads\/2023\/06\/zano-logo.svg","caption":"Zano"},"image":{"@id":"https:\/\/zano.outcondev.com\/ro\/#\/schema\/logo\/image\/"},"sameAs":["https:\/\/www.facebook.com\/zanoinspire","https:\/\/www.instagram.com\/zanoinspire\/"]},{"@type":"Person","@id":"https:\/\/zano.outcondev.com\/ro\/#\/schema\/person\/2a0d97641a1363d86fec9d026e88c519","name":"yilieva","image":{"@type":"ImageObject","inLanguage":"ro-RO","@id":"https:\/\/zano.outcondev.com\/ro\/#\/schema\/person\/image\/","url":"https:\/\/secure.gravatar.com\/avatar\/658233976560f6a6006ae265893efc74a7d89e1d77a40ee848e12d5f4c51db46?s=96&d=mm&r=g","contentUrl":"https:\/\/secure.gravatar.com\/avatar\/658233976560f6a6006ae265893efc74a7d89e1d77a40ee848e12d5f4c51db46?s=96&d=mm&r=g","caption":"yilieva"}}]}},"_links":{"self":[{"href":"https:\/\/zano.outcondev.com\/ro\/wp-json\/wp\/v2\/posts\/5048","targetHints":{"allow":["GET"]}}],"collection":[{"href":"https:\/\/zano.outcondev.com\/ro\/wp-json\/wp\/v2\/posts"}],"about":[{"href":"https:\/\/zano.outcondev.com\/ro\/wp-json\/wp\/v2\/types\/post"}],"author":[{"embeddable":true,"href":"https:\/\/zano.outcondev.com\/ro\/wp-json\/wp\/v2\/users\/4"}],"replies":[{"embeddable":true,"href":"https:\/\/zano.outcondev.com\/ro\/wp-json\/wp\/v2\/comments?post=5048"}],"version-history":[{"count":1,"href":"https:\/\/zano.outcondev.com\/ro\/wp-json\/wp\/v2\/posts\/5048\/revisions"}],"predecessor-version":[{"id":5053,"href":"https:\/\/zano.outcondev.com\/ro\/wp-json\/wp\/v2\/posts\/5048\/revisions\/5053"}],"wp:featuredmedia":[{"embeddable":true,"href":"https:\/\/zano.outcondev.com\/ro\/wp-json\/wp\/v2\/media\/4799"}],"wp:attachment":[{"href":"https:\/\/zano.outcondev.com\/ro\/wp-json\/wp\/v2\/media?parent=5048"}],"wp:term":[{"taxonomy":"category","embeddable":true,"href":"https:\/\/zano.outcondev.com\/ro\/wp-json\/wp\/v2\/categories?post=5048"},{"taxonomy":"post_tag","embeddable":true,"href":"https:\/\/zano.outcondev.com\/ro\/wp-json\/wp\/v2\/tags?post=5048"}],"curies":[{"name":"wp","href":"https:\/\/api.w.org\/{rel}","templated":true}]}}