{"id":9102,"date":"2025-01-28T10:17:47","date_gmt":"2025-01-28T10:17:47","guid":{"rendered":"https:\/\/zano.outcondev.com\/?p=9102"},"modified":"2025-01-28T10:19:53","modified_gmt":"2025-01-28T10:19:53","slug":"ce-este-fibroza-chistica","status":"publish","type":"post","link":"https:\/\/zano.outcondev.com\/ro\/ce-este-fibroza-chistica\/","title":{"rendered":"Ce este fibroza chistic\u0103?\u00a0"},"content":{"rendered":"\n<p class=\"has-text-color has-link-color has-medium-font-size wp-elements-b60e7edec3157c37b3ed533a67490517\" style=\"color:#5e3399\"><strong><em>Ce-i mai important:<\/em><\/strong>\u00a0<\/p>\n\n\n\n<p><\/p>\n\n\n\n<ul class=\"wp-block-list\">\n<li class=\"has-medium-font-size\"><em>Ce este fibroza chistic\u0103?<\/em>\u00a0<\/li>\n<\/ul>\n\n\n\n<ul class=\"wp-block-list\">\n<li class=\"has-medium-font-size\"><em>Genetica din spatele afec\u021biunii<\/em>\u00a0<\/li>\n<\/ul>\n\n\n\n<ul class=\"wp-block-list\">\n<li class=\"has-medium-font-size\"><em>Care sunt cele mai frecvente simptome ale fibrozei chistice?<\/em>\u00a0<\/li>\n<\/ul>\n\n\n\n<ul class=\"wp-block-list has-medium-font-size\">\n<li><em>Cum se gestioneaz\u0103 afec\u021biunea?<\/em>\u00a0<\/li>\n<\/ul>\n\n\n\n<p><\/p>\n\n\n\n<p class=\"has-medium-font-size\">Fibroza chistic\u0103 este o afec\u021biune genetic\u0103 autosomal-recesiv\u0103 care afecteaz\u0103 mai multe sisteme, av\u00e2nd la baz\u0103 disfunc\u021bia glandelor exocrine. Aceast\u0103 boal\u0103 afecteaz\u0103 cel mai frecvent pl\u0103m\u00e2nii \u0219i sistemul digestiv. Fibroza chistic\u0103 rezult\u0103 dintr-o muta\u021bie genetic\u0103 care duce la producerea unui mucus v\u00e2scos \u0219i gros, care poate bloca c\u0103ile respiratorii \u0219i pancreasul.&nbsp;<\/p>\n\n\n\n<p class=\"has-medium-font-size\">\u00cen acest articol vom examina aspectele fundamentale ale bolii, simptomele, abord\u0103rile de tratament \u0219i rolul inhalatoarelor <strong>Zano<\/strong> pentru administrarea medicamentelor direct \u00een pl\u0103m\u00e2ni. Fibroza chistic\u0103 este de obicei diagnosticat\u0103 \u00een copil\u0103ria timpurie \u0219i, de\u0219i tratamentele au avansat semnificativ, aceasta r\u0103m\u00e2ne o afec\u021biune pe via\u021b\u0103, care necesit\u0103 tratament continuu.\u00a0Din acest motiv,\u00a0<strong>Zano<\/strong>\u00a0are o campanie activ\u0103 prin care doneaz\u0103 un inhalator oric\u0103rei persoane diagnosticate cu fibroz\u0103 chistic\u0103. Afla\u021bi mai multe despre campanie\u00a0<strong><a href=\"https:\/\/zano.outcondev.com\/ro\/cf\/\" target=\"_blank\" rel=\"noreferrer noopener\">aici<\/a><\/strong>.<\/p>\n\n\n\n<p><\/p>\n\n\n\n<h2 class=\"wp-block-heading has-text-color has-link-color wp-elements-4b186eebf5fdfe0693e3afc32eb37a94\" style=\"color:#5e3399\"><strong>Ce este fibroza chistic\u0103?<\/strong>\u00a0<\/h2>\n\n\n\n<p><\/p>\n\n\n\n<p class=\"has-medium-font-size\">Fibroza chistic\u0103 este o boal\u0103 genetic\u0103 care afecteaz\u0103 \u00een principal sistemele respirator \u0219i digestiv. Este cauzat\u0103 de o muta\u021bie \u00een gena CFTR (Cystic Fibrosis Transmembrane Conductance Regulator), ceea ce duce la producerea unui mucus gros \u0219i v\u00e2scos care blocheaz\u0103 c\u0103ile respiratorii \u0219i pancreasul. Aceasta provoac\u0103 infec\u021bii cronice la nivelul pl\u0103m\u00e2nilor, dificult\u0103\u021bi de respira\u021bie \u0219i probleme cu digestia \u0219i absorb\u021bia substan\u021belor nutritive.&nbsp;<\/p>\n\n\n\n<p class=\"has-medium-font-size\">Anomalia asociat\u0103 cu fibroza chistic\u0103 este legat\u0103 de reglarea defectuoas\u0103 a canalelor de clor \u00een membrana celular\u0103, ceea ce duce la blocarea absorb\u021biei clorului. Ca rezultat, \u00een canalele glandelor sudoripare r\u0103m\u00e2ne o transpira\u021bie s\u0103rat\u0103 concentrat\u0103. De asemenea, glandele mucoase produc cantit\u0103\u021bi mari de mucus v\u00e2scos, care blocheaz\u0103 c\u0103ile respiratorii \u0219i micile bronhii. Acest mucus v\u00e2scos devine un mediu propice pentru infec\u021bii cu diver\u0219i microorganisme, ceea ce duce la inflama\u021bia c\u0103ilor respiratorii. \u00cen acela\u0219i timp, canalele pancreatice sunt, de asemenea, blocate, \u00eempiedic\u00e2nd enzimele pancreatice s\u0103 ajung\u0103 \u00een intestinul sub\u021bire. Drept urmare, absorb\u021bia substan\u021belor nutritive este afectat\u0103, ceea ce complic\u0103 \u0219i mai mult starea de s\u0103n\u0103tate a pacientului.&nbsp;<\/p>\n\n\n\n<p><\/p>\n\n\n\n<h3 class=\"wp-block-heading has-text-color has-link-color wp-elements-1f221b9d0fa85ebf082efd8c84fac212\" style=\"color:#5e3399\"><strong>Frecven\u021ba fibrozei chistice \u00een Europa de Est<\/strong>\u00a0<\/h3>\n\n\n\n<p><\/p>\n\n\n\n<p class=\"has-medium-font-size\">Fibroza chistic\u0103 este o boal\u0103 relativ rar\u0103 pe Balcani, la fel ca \u00een \u00eentreaga Europ\u0103, \u00eens\u0103 nu este o boal\u0103 neglijabil\u0103. \u00cen Macedonia de Nord, aproximativ 150 de persoane tr\u0103iesc cu aceast\u0103 afec\u021biune. Rom\u00e2nia raporteaz\u0103 \u00een jur de 330 de cazuri, \u00een timp ce \u00een Bulgaria num\u0103rul persoanelor afectate variaz\u0103 \u00eentre 200 \u0219i 250. Albania are o prevalen\u021b\u0103 mai sc\u0103zut\u0103, cu mai pu\u021bin de 100 de cazuri \u00eenregistrate, probabil din cauza posibilit\u0103\u021bilor diagnostice limitate \u0219i a raport\u0103rii insuficiente. Speran\u021ba de via\u021b\u0103 medie a crescut la aproximativ 35-40 de ani. De\u0219i boala nu este r\u0103sp\u00e2ndit\u0103 pe scar\u0103 larg\u0103, exist\u0103 organiza\u021bii \u0219i programe active destinate sprijinirii pacien\u021bilor cu fibroz\u0103 chistic\u0103 \u0219i a familiilor acestora.\u00a0<\/p>\n\n\n\n<p><\/p>\n\n\n\n<h2 class=\"wp-block-heading has-text-color has-link-color wp-elements-c26a48a53f189c825930c55e31a7c1da\" style=\"color:#5e3399\"><strong>Cauze \u0219i fundament genetic<\/strong>\u00a0<\/h2>\n\n\n\n<p><\/p>\n\n\n\n<p class=\"has-medium-font-size\">Fibroza chistic\u0103 este o boal\u0103 ereditar\u0103 care se transmite pe cale autosomal-recesiv\u0103. Aceasta \u00eenseamn\u0103 c\u0103, pentru a dezvolta boala, individul trebuie s\u0103 mo\u0219teneasc\u0103 dou\u0103 copii mutate ale genei CFTR, c\u00e2te una de la fiecare p\u0103rinte. P\u0103rin\u021bii care poart\u0103 doar o copie mutat\u0103 a genei sunt purt\u0103tori \u0219i, de obicei, nu au simptome. Dac\u0103 doi purt\u0103tori au un copil, exist\u0103 o \u0219ans\u0103 de 25% ca acesta s\u0103 dezvolte fibroza chistic\u0103, 50% \u0219ans\u0103 s\u0103 fie purt\u0103tor \u0219i 25% \u0219ans\u0103 s\u0103 fie complet s\u0103n\u0103tos. Determinarea muta\u021biei genetice \u00een familie permite diagnosticul prenatal, precum \u0219i identificarea purt\u0103torilor.\u00a0<\/p>\n\n\n\n<p><\/p>\n\n\n\n<h2 class=\"wp-block-heading has-text-color has-link-color wp-elements-c5d88d66bf93d237861ab6cf1a5e520a\" style=\"color:#5e3399\"><strong>Simptomele la pacien\u021bii cu fibroz\u0103 chistic\u0103<\/strong>\u00a0<\/h2>\n\n\n\n<p><\/p>\n\n\n\n<p class=\"has-medium-font-size\">\u00a0<br>Fibroza chistic\u0103 afecteaz\u0103 diverse organe \u0219i sisteme din corp, iar simptomele pot varia semnificativ de la un pacient la altul. La unii, simptomele sunt u\u0219or de observat sau complet absente, \u00een timp ce la al\u021bii pot fi severe \u0219i pot duce la complica\u021bii care pun via\u021ba \u00een pericol. Aceste simptome se pot \u00eembun\u0103t\u0103\u021bi sau se pot \u00eenr\u0103ut\u0103\u021bi \u00een timp. Ele se manifest\u0103 \u00een principal \u00een sistemele respirator \u0219i digestiv.\u00a0<\/p>\n\n\n\n<p><\/p>\n\n\n\n<h3 class=\"wp-block-heading has-text-color has-link-color wp-elements-4f15996c8a5ab0761ab529ab04458f60\" style=\"color:#5e3399\"><strong>Simptome respiratorii<\/strong>\u00a0<\/h3>\n\n\n\n<p><\/p>\n\n\n\n<p class=\"has-medium-font-size\">Mucusul gros \u0219i v\u00e2scos, caracteristic fibrozei chistice, blocheaz\u0103 c\u0103ile respiratorii \u0219i \u00eempiedic\u0103 fluxul normal de aer \u00eenspre \u0219i dinspre pl\u0103m\u00e2ni. Acest lucru poate duce la diverse semne \u0219i simptome, cum ar fi:&nbsp;<\/p>\n\n\n\n<ul class=\"wp-block-list has-medium-font-size\">\n<li><strong>Tuse cronic\u0103 &#8211; <\/strong>Cauzat\u0103 de acumularea de mucus gros \u0219i v\u00e2scos \u00een c\u0103ile respiratorii.\u00a0<\/li>\n<\/ul>\n\n\n\n<ul class=\"wp-block-list has-medium-font-size\">\n<li><strong>Dificult\u0103\u021bi de respira\u021bie \u0219i senza\u021bie de sufocare &#8211; <\/strong>Din cauza acumul\u0103rii de mucus, fluxul de aer \u00een pl\u0103m\u00e2ni este \u00eengreunat.\u00a0<\/li>\n<\/ul>\n\n\n\n<ul class=\"wp-block-list has-medium-font-size\">\n<li><strong>Infec\u021bii pulmonare frecvente &#8211; <\/strong>Mucusul din pl\u0103m\u00e2ni favorizeaz\u0103 infec\u021biile bacteriene precum bron\u0219ita \u0219i pneumonia.\u00a0<\/li>\n<\/ul>\n\n\n\n<ul class=\"wp-block-list has-medium-font-size\">\n<li><strong>Wheezing (respira\u021bie \u0219uier\u0103toare) &#8211; <\/strong>Sunetul de respira\u021bie \u00eengreunat\u0103, caracteristic pentru mul\u021bi pacien\u021bi cu fibroz\u0103 chistic\u0103.\u00a0<\/li>\n<\/ul>\n\n\n\n<figure class=\"wp-block-image size-large\"><img loading=\"lazy\" decoding=\"async\" width=\"1024\" height=\"762\" src=\"https:\/\/zano.outcondev.com\/wp-content\/uploads\/2024\/11\/the-lady-put-her-hand-to-her-chest-and-breathes-de-2023-11-27-05-33-45-utc-1024x762.jpg\" alt=\"\" class=\"wp-image-8296\" srcset=\"https:\/\/zano.outcondev.com\/wp-content\/uploads\/2024\/11\/the-lady-put-her-hand-to-her-chest-and-breathes-de-2023-11-27-05-33-45-utc-1024x762.jpg 1024w, https:\/\/zano.outcondev.com\/wp-content\/uploads\/2024\/11\/the-lady-put-her-hand-to-her-chest-and-breathes-de-2023-11-27-05-33-45-utc-300x223.jpg 300w, https:\/\/zano.outcondev.com\/wp-content\/uploads\/2024\/11\/the-lady-put-her-hand-to-her-chest-and-breathes-de-2023-11-27-05-33-45-utc-768x571.jpg 768w, https:\/\/zano.outcondev.com\/wp-content\/uploads\/2024\/11\/the-lady-put-her-hand-to-her-chest-and-breathes-de-2023-11-27-05-33-45-utc-1536x1143.jpg 1536w, https:\/\/zano.outcondev.com\/wp-content\/uploads\/2024\/11\/the-lady-put-her-hand-to-her-chest-and-breathes-de-2023-11-27-05-33-45-utc-2048x1524.jpg 2048w, https:\/\/zano.outcondev.com\/wp-content\/uploads\/2024\/11\/the-lady-put-her-hand-to-her-chest-and-breathes-de-2023-11-27-05-33-45-utc-600x446.jpg 600w\" sizes=\"auto, (max-width: 1024px) 100vw, 1024px\" \/><\/figure>\n\n\n\n<h3 class=\"wp-block-heading has-text-color has-link-color wp-elements-ff0d27974f2ea934dbef295afa434cab\" style=\"color:#5e3399\"><strong>Simptome digestive<\/strong>\u00a0<\/h3>\n\n\n\n<p><\/p>\n\n\n\n<p class=\"has-medium-font-size\">Mucusul gros poate, de asemenea, s\u0103 blocheze canalele care transport\u0103 enzimele digestive de la pancreas c\u0103tre intestinele sub\u021biri. Acest lucru poate duce la urm\u0103toarele simptome:&nbsp;<\/p>\n\n\n\n<ul class=\"wp-block-list has-medium-font-size\">\n<li><strong>Absorb\u021bie deficitar\u0103 a nutrien\u021bilor<\/strong>\u00a0<\/li>\n<\/ul>\n\n\n\n<ul class=\"wp-block-list has-medium-font-size\">\n<li><strong>Scaune grase (steatoree) &#8211; <\/strong>Datorit\u0103 incapacit\u0103\u021bii organismului de a absorbi gr\u0103simile.\u00a0<\/li>\n<\/ul>\n\n\n\n<ul class=\"wp-block-list has-medium-font-size\">\n<li><strong>Cre\u0219tere \u00een greutate sc\u0103zut\u0103 \u0219i \u00eent\u00e2rziere \u00een cre\u0219tere &#8211; <\/strong>Din cauza absorb\u021biei slabe a nutrien\u021bilor, copiii \u00eent\u00e2mpin\u0103 adesea dificult\u0103\u021bi \u00een a c\u00e2\u0219tiga \u00een greutate.\u00a0<\/li>\n<\/ul>\n\n\n\n<ul class=\"wp-block-list has-medium-font-size\">\n<li><strong>Blocaj intestinal &#8211; <\/strong>\u00cen special la nou-n\u0103scu\u021bi (ileus meconial).\u00a0<\/li>\n<\/ul>\n\n\n\n<p><\/p>\n\n\n\n<h3 class=\"wp-block-heading has-text-color has-link-color wp-elements-edd7c725f4dcbe0be949e46cafca4499\" style=\"color:#5e3399\"><strong>Cum simptomele afecteaz\u0103 via\u021ba de zi cu zi a pacien\u021bilor?<\/strong>\u00a0<\/h3>\n\n\n\n<p><\/p>\n\n\n\n<p class=\"has-medium-font-size\">Fibroza chistic\u0103 are un impact semnificativ asupra vie\u021bii de zi cu zi a pacien\u021bilor. Problemele respiratorii cronice \u0219i necesitatea fizioterapiei regulate pentru cur\u0103\u021barea pl\u0103m\u00e2nilor reduc rezisten\u021ba fizic\u0103. Dificult\u0103\u021bile digestive necesit\u0103 administrarea de enzime \u0219i o diet\u0103 special\u0103 pentru a asigura absorb\u021bia corect\u0103 a nutrien\u021bilor. Pacien\u021bii au adesea nevoie de medicamente \u0219i \u00eengrijiri medicale regulate, inclusiv vizite frecvente la medici \u0219i spitaliz\u0103ri din cauza infec\u021biilor. Via\u021ba social\u0103 poate fi limitat\u0103, iar s\u0103n\u0103tatea mental\u0103 este supus\u0103 stresului \u0219i anxiet\u0103\u021bii asociate cu natura cronic\u0103 a bolii.\u00a0<\/p>\n\n\n\n<p><\/p>\n\n\n\n<h3 class=\"wp-block-heading has-text-color has-link-color wp-elements-fcd6d2be37054da1e75cb6211537c454\" style=\"color:#5e3399\"><strong>Complica\u021bii ale fibrozei chistice<\/strong>\u00a0<\/h3>\n\n\n\n<p><\/p>\n\n\n\n<p class=\"has-medium-font-size\">Fibroza chistic\u0103 duce la multiple complica\u021bii care pot afecta diverse organe \u0219i sisteme din organism. <strong>\u00cen sistemul respirator, se observ\u0103 infec\u021bii cronice, bronhiectazii \u0219i insuficien\u021b\u0103 respiratorie. <\/strong>\u00cen domeniul digestiv, boala poate provoca <strong>insuficien\u021b\u0103 pancreatic\u0103, obstruc\u021bii intestinale \u0219i afec\u021biuni hepatice<\/strong>. Complica\u021biile sinuzale sunt adesea manifestate prin <strong>sinuzit\u0103 cronic\u0103 \u0219i polipi nazali,<\/strong> ceea ce complic\u0103 \u0219i mai mult func\u021bia respiratorie. Sistemul reproductiv poate fi, de asemenea, afectat, b\u0103rba\u021bii se confrunt\u0103 frecvent cu infertilitate, iar femeile \u00eent\u00e2mpin\u0103 dificult\u0103\u021bi \u00een timpul sarcinii. \u00cen plus, pacien\u021bii sunt expu\u0219i riscului de osteoporoz\u0103 \u0219i probleme psihosociale.\u00a0<\/p>\n\n\n\n<p><\/p>\n\n\n\n<h2 class=\"wp-block-heading has-text-color has-link-color wp-elements-e96c12170e474b501917de9a723dab86\" style=\"color:#5e3399\"><strong>Tratament \u0219i gestionarea bolii<\/strong>\u00a0<\/h2>\n\n\n\n<p><\/p>\n\n\n\n<p class=\"has-medium-font-size\">Tratamentul \u0219i gestionarea fibrozei chistice implic\u0103 diverse abord\u0103ri menite s\u0103 \u00eembun\u0103t\u0103\u021beasc\u0103 calitatea vie\u021bii pacien\u021bilor \u0219i s\u0103 controleze simptomele. \u00cent\u00e2lnirile regulate pentru monitorizarea st\u0103rii de s\u0103n\u0103tate sunt esen\u021biale, iar planul de \u00eengrijire va fi stabilit \u00een func\u021bie de nevoile individuale ale pacientului. Tratamentul persoanelor cu fibroza chistic\u0103 este de obicei realizat de o echip\u0103 de speciali\u0219ti medicali, iar \u00een anumite cazuri poate fi necesar \u0219i tratament \u00eentr-un cadru spitalicesc. Principalele strategii de tratament includ:\u00a0<\/p>\n\n\n\n<p><\/p>\n\n\n\n<h3 class=\"wp-block-heading has-text-color has-link-color wp-elements-24c07a297845132017f351b4732ddceb\" style=\"color:#5e3399\"><strong>Medicamente<\/strong>\u00a0<\/h3>\n\n\n\n<ul class=\"wp-block-list has-medium-font-size\">\n<li><strong>Mucolitice: <\/strong>Medicamente care sub\u021biaz\u0103 mucusul din pl\u0103m\u00e2ni, facilit\u00e2nd eliminarea acestuia (acetilcistein\u0103).\u00a0<\/li>\n<\/ul>\n\n\n\n<ul class=\"wp-block-list has-medium-font-size\">\n<li><strong>Bronhodilatatoare: <\/strong>Medicamente care dilat\u0103 c\u0103ile respiratorii \u0219i faciliteaz\u0103 respira\u021bia (salbutamol).\u00a0<\/li>\n<\/ul>\n\n\n\n<ul class=\"wp-block-list has-medium-font-size\">\n<li><strong>Antibiotice: <\/strong>Utilizate pentru tratamentul infec\u021biilor pulmonare, frecvente la pacien\u021bii cu fibroza chistic\u0103.\u00a0<\/li>\n<\/ul>\n\n\n\n<ul class=\"wp-block-list has-medium-font-size\">\n<li><strong>Anti-inflamatoare: <\/strong>Pot ajuta la reducerea inflama\u021biei din pl\u0103m\u00e2ni.\u00a0<\/li>\n<\/ul>\n\n\n\n<ul class=\"wp-block-list has-medium-font-size\">\n<li><strong>Terapia cu modulatoare CFTR: <\/strong>Medicamente care corecteaz\u0103 defectele <strong>proteinei CFTR, asociate cu fibroza chistic\u0103.<\/strong>\u00a0<\/li>\n<\/ul>\n\n\n\n<p><\/p>\n\n\n\n<h3 class=\"wp-block-heading has-text-color has-link-color wp-elements-9ae18fb08117fcf8c759bb2dbd363c21\" style=\"color:#5e3399\"><strong>Terapie fizic\u0103<\/strong>\u00a0<\/h3>\n\n\n\n<ul class=\"wp-block-list has-medium-font-size\">\n<li><strong>Fizioterapia pulmonar\u0103:<\/strong> Tehnici pentru men\u021binerea permeabilit\u0103\u021bii c\u0103ilor respiratorii, inclusiv percu\u021bii, exerci\u021bii de respira\u021bie profund\u0103 \u0219i tehnici de drenaj.\u00a0<\/li>\n<\/ul>\n\n\n\n<ul class=\"wp-block-list has-medium-font-size\">\n<li><strong>Exerci\u021bii fizice<\/strong>: Activitatea fizic\u0103 regulat\u0103 poate \u00eembun\u0103t\u0103\u021bi func\u021bia pulmonar\u0103 \u0219i s\u0103n\u0103tatea general\u0103.\u00a0<\/li>\n<\/ul>\n\n\n\n<p><\/p>\n\n\n\n<h3 class=\"wp-block-heading has-text-color has-link-color wp-elements-49d888953286f4b09ebc510be404dffe\" style=\"color:#5e3399\"><strong>Dieta<\/strong>\u00a0<\/h3>\n\n\n\n<p class=\"has-medium-font-size\">Pacien\u021bii cu mucoviscidoz\u0103 au nevoi nutri\u021bionale specifice, care rezult\u0103 din cerin\u021bele calorice crescute \u0219i dificult\u0103\u021bile de absorb\u021bie a nutrien\u021bilor. <strong>Dieta lor trebuie s\u0103 fie bogat\u0103 \u00een proteine,<\/strong> esen\u021biale pentru men\u021binerea masei musculare, mai ales \u00een contextul activit\u0103\u021bii fizice \u0219i tratamentului.&nbsp;<\/p>\n\n\n\n<p class=\"has-medium-font-size\"><strong>Gr\u0103simile s\u0103n\u0103toase,<\/strong> cum ar fi cele din avocado, nuci \u0219i ulei de m\u0103sline, joac\u0103 un rol important \u00een furnizarea de energie \u0219i \u00een \u00eembun\u0103t\u0103\u021birea absorb\u021biei vitaminelor liposolubile. <strong>Vitaminelor A, D, E \u0219i K<\/strong> le este deosebit de important\u0103, deoarece mucoviscidoza poate \u00eengreuna absorb\u021bia lor, astfel c\u0103 este esen\u021bial s\u0103 fie incluse \u00een dieta zilnic\u0103 pentru a preveni deficien\u021bele.&nbsp;<\/p>\n\n\n\n<p><\/p>\n\n\n\n<h2 class=\"wp-block-heading has-text-color has-link-color wp-elements-243f01aa8a436291724a4b18048ad89a\" style=\"color:#5e3399\"><strong>Rolul inhalatoarelor \u00een tratament<\/strong>\u00a0<\/h2>\n\n\n\n<p><\/p>\n\n\n\n<p class=\"has-medium-font-size\">Inhalatoarele joac\u0103 un rol esen\u021bial \u00een tratamentul mucoviscidozei, asigur\u00e2nd livrarea \u021bintit\u0103 a medicamentelor direct \u00een pl\u0103m\u00e2ni. Func\u021bia principal\u0103 a acestora este de a inhala substan\u021be active care sub\u021biaz\u0103 mucusul v\u00e2scos, facilit\u00e2nd eliminarea acestuia \u0219i amelior\u00e2nd simptomele bolii. <strong>Cu ajutorul inhalatoarelor, medicamentele ajung \u00een c\u0103ile respiratorii inferioare, ac\u021bion\u00e2nd local,<\/strong> ceea ce spore\u0219te eficien\u021ba acestora \u0219i minimizeaz\u0103 efectele secundare sistemice.&nbsp;<\/p>\n\n\n\n<figure class=\"wp-block-image size-large\"><img loading=\"lazy\" decoding=\"async\" width=\"1024\" height=\"683\" src=\"https:\/\/zano.outcondev.com\/wp-content\/uploads\/2024\/11\/photo-2-1-1024x683.jpg\" alt=\"\" class=\"wp-image-8277\" srcset=\"https:\/\/zano.outcondev.com\/wp-content\/uploads\/2024\/11\/photo-2-1-1024x683.jpg 1024w, https:\/\/zano.outcondev.com\/wp-content\/uploads\/2024\/11\/photo-2-1-300x200.jpg 300w, https:\/\/zano.outcondev.com\/wp-content\/uploads\/2024\/11\/photo-2-1-768x512.jpg 768w, https:\/\/zano.outcondev.com\/wp-content\/uploads\/2024\/11\/photo-2-1-1536x1024.jpg 1536w, https:\/\/zano.outcondev.com\/wp-content\/uploads\/2024\/11\/photo-2-1-2048x1365.jpg 2048w, https:\/\/zano.outcondev.com\/wp-content\/uploads\/2024\/11\/photo-2-1-600x400.jpg 600w\" sizes=\"auto, (max-width: 1024px) 100vw, 1024px\" \/><\/figure>\n\n\n\n<p class=\"has-medium-font-size\">Inhalatorul <strong><a href=\"https:\/\/zano.outcondev.com\/ro\/magazin\/\" target=\"_blank\" rel=\"noreferrer noopener\">Zano Inspire<\/a><\/strong> este conceput cu <strong>un accent deosebit pe u\u0219urin\u021ba \u00een utilizare<\/strong>, ceea ce este extrem de important pentru pacien\u021bi, inclusiv copii, care pot \u00eent\u00e2mpina dificult\u0103\u021bi cu inhalatoarele tradi\u021bionale. <strong><a href=\"https:\/\/zano.outcondev.com\/ro\/magazin\/\" target=\"_blank\" rel=\"noreferrer noopener\">Zano Inspire<\/a><\/strong> este compact \u0219i u\u0219or, ceea ce \u00eel face convenabil pentru transport \u0219i utilizare \u00een diferite situa\u021bii. Caracteristicile suplimentare, cum ar fi activarea automat\u0103 \u0219i indicatorii vizuali, faciliteaz\u0103 monitorizarea dozelor \u0219i fac inhalarea mai accesibil\u0103. Eficien\u021ba \u0219i designul intuitiv \u00eel fac un instrument potrivit pentru gestionarea simptomelor mucoviscidozei, \u00eembun\u0103t\u0103\u021bind calitatea vie\u021bii pacien\u021bilor.\u00a0<\/p>\n\n\n\n<p class=\"has-medium-font-size\">Datorit\u0103 utiliz\u0103rii frecvente, <strong>pacien\u021bii cu mucoviscidoz\u0103 pot fi nevoi\u021bi s\u0103 \u00eenlocuiasc\u0103 inhalatoarele mai des dec\u00e2t al\u021bi utilizatori.<\/strong> De aceea, alegerea unui inhalator de \u00eenalt\u0103 calitate este esen\u021bial\u0103 pentru utilizarea de lung\u0103 durat\u0103 \u0219i eficien\u021ba tratamentului. \u00cen acest context, inhalatorul <strong>Zano Inspire<\/strong> se remarc\u0103 prin fiabilitatea \u0219i func\u021bionalitatea sa. \u00cen plus, <strong>Zano<\/strong> ofer\u0103 o ini\u021biativ\u0103 caritabil\u0103, <strong><a href=\"https:\/\/zano.outcondev.com\/ro\/cf\/\" target=\"_blank\" rel=\"noreferrer noopener\">don\u00e2nd un inhalator gratuit fiec\u0103rui pacient diagnosticat cu mucoviscidoz\u0103<\/a><\/strong>, facilit\u00e2nd astfel accesul la un tratament important \u0219i \u00eembun\u0103t\u0103\u021bind calitatea vie\u021bii pacien\u021bilor.\u00a0<\/p>\n\n\n\n<p><\/p>\n\n\n\n<h2 class=\"wp-block-heading has-text-color has-link-color wp-elements-fe046f75986f43ef218140c7455fce4a\" style=\"color:#5e3399\"><strong>Concluzie<\/strong>\u00a0<\/h2>\n\n\n\n<p><\/p>\n\n\n\n<p class=\"has-medium-font-size\">Diagnosticul precoce \u0219i \u00eenceputul tratamentului la timp \u00een cazul fibrozei chistice sunt esen\u021biale pentru \u00eembun\u0103t\u0103\u021birea calit\u0103\u021bii vie\u021bii \u0219i prevenirea complica\u021biilor. Utilizarea metodelor moderne de tratament, cum ar fi inhalatorul <strong>Zano Inspire,<\/strong> ofer\u0103 noi oportunit\u0103\u021bi pentru gestionarea mai eficient\u0103 a afec\u021biunii. Interven\u021bia precoce \u0219i accesul la terapii inovative pot \u00eembun\u0103t\u0103\u021bi semnificativ prognoza \u0219i pot asigura o via\u021b\u0103 mai lung\u0103 \u0219i mai \u00eemplinit\u0103 pentru pacien\u021bi.\u00a0<\/p>\n\n\n\n<p><strong><em>_________________________________________________________<\/em><\/strong>&nbsp;<\/p>\n\n\n\n<p class=\"has-text-color has-link-color has-medium-font-size wp-elements-d4633ad76edf5b8c0e31757c58eceb2a\" style=\"color:#5e3399\"><strong><em>Cele mai frecvente \u00eentreb\u0103ri:<\/em><\/strong>\u00a0<\/p>\n\n\n\n<p><\/p>\n\n\n\n<p class=\"has-medium-font-size\"><strong><em>Care sunt principalele simptome ale fibrozei chistice?<\/em><\/strong>&nbsp;<\/p>\n\n\n\n<ul class=\"wp-block-list has-medium-font-size\">\n<li class=\"has-medium-font-size\">Cele mai frecvente simptome includ tuse cronic\u0103, dificult\u0103\u021bi de respira\u021bie, infec\u021bii pulmonare frecvente, absorb\u021bie slab\u0103 a nutrien\u021bilor, scaune grase \u0219i cre\u0219tere insuficient\u0103.\u00a0<\/li>\n<\/ul>\n\n\n\n<p class=\"has-medium-font-size\"><strong><em>Exist\u0103 un tratament pentru fibroza chistic\u0103?<\/em><\/strong>&nbsp;<\/p>\n\n\n\n<ul class=\"wp-block-list\">\n<li class=\"has-medium-font-size\">De\u0219i nu exist\u0103 un tratament definitiv, exist\u0103 terapii moderne care \u00eembun\u0103t\u0103\u021besc semnificativ calitatea vie\u021bii pacien\u021bilor. Principalele abord\u0103ri includ modulatoare CFTR, terapii respiratorii \u0219i reabilitare fizic\u0103, regim alimentar.\u00a0<\/li>\n<\/ul>\n\n\n\n<p class=\"has-medium-font-size\"><strong><em>Cum ajut\u0103 inhalatorul Zano Inspire \u00een tratamentul fibrozei chistice \u0219i care sunt avantajele acestuia?<\/em><\/strong>&nbsp;<\/p>\n\n\n\n<ul class=\"wp-block-list\">\n<li><strong>Zano Inspire<\/strong> livreaz\u0103 medicamente direct \u00een pl\u0103m\u00e2ni, sub\u021bierea secre\u021biilor groase \u0219i facilit\u00e2nd respira\u021bia. Inhalatorul este u\u0219or de utilizat, compact \u0219i eficient. Zano ofer\u0103, de asemenea, un inhalator gratuit pentru fiecare pacient diagnosticat cu fibroza chistic\u0103, asigur\u00e2ndu-le acces la tratamente de calitate.<\/li>\n<\/ul>\n\n\n\n<p class=\"has-medium-font-size\"><strong><em>_________________________________________________________<\/em><\/strong>\u00a0\u00a0<\/p>\n\n\n\n<h4 class=\"wp-block-heading has-text-color has-link-color wp-elements-292183cfe7ee2db97ae68bdf68a2c5ed\" style=\"color:#5e3399\"><strong><em>Literatura:<\/em><\/strong>\u00a0<\/h4>\n\n\n\n<ul class=\"wp-block-list\">\n<li class=\"has-medium-font-size\"><a href=\"https:\/\/www.mayoclinic.org\/diseases-conditions\/cystic-fibrosis\/symptoms-causes\/syc-20353700\" target=\"_blank\" rel=\"noreferrer noopener\">https:\/\/www.mayoclinic.org\/diseases-conditions\/cystic-fibrosis\/symptoms-causes\/syc-20353700<\/a><\/li>\n\n\n\n<li class=\"has-medium-font-size\"><a href=\"https:\/\/www.nhs.uk\/conditions\/cystic-fibrosis\/#:~:text=Cystic%20fibrosis%20is%20a%20genetic,the%20lungs%20and%20digestive%20system\" target=\"_blank\" rel=\"noreferrer noopener\">https:\/\/www.nhs.uk\/conditions\/cystic-fibrosis\/<\/a> \u00a0<\/li>\n\n\n\n<li class=\"has-medium-font-size\"><a href=\"https:\/\/www.nhlbi.nih.gov\/health\/cystic-fibrosis\/\" target=\"_blank\" rel=\"noreferrer noopener\">https:\/\/www.nhlbi.nih.gov\/health\/cystic-fibrosis\/<\/a>\u00a0\u00a0<\/li>\n\n\n\n<li class=\"has-medium-font-size\"><a href=\"https:\/\/medlineplus.gov\/genetics\/condition\/cystic-fibrosis\/\" target=\"_blank\" rel=\"noreferrer noopener\">https:\/\/medlineplus.gov\/genetics\/condition\/cystic-fibrosis\/<\/a>\u00a0\u00a0<\/li>\n\n\n\n<li class=\"has-medium-font-size\"><a href=\"https:\/\/www.texaschildrens.org\/content\/conditions\/genetics-cystic-fibrosis\" target=\"_blank\" rel=\"noreferrer noopener\">https:\/\/www.texaschildrens.org\/content\/conditions\/genetics-cystic-fibrosis<\/a>\u00a0\u00a0\u00a0\u00a0<\/li>\n\n\n\n<li class=\"has-medium-font-size\"><a href=\"https:\/\/rarediseases.info.nih.gov\/diseases\/6233\/index\" target=\"_blank\" rel=\"noreferrer noopener\">https:\/\/rarediseases.info.nih.gov\/diseases\/6233\/index<\/a>\u00a0\u00a0<\/li>\n\n\n\n<li class=\"has-medium-font-size\"><a href=\"https:\/\/www.nhs.uk\/conditions\/cystic-fibrosis\/treatment\/\" target=\"_blank\" rel=\"noreferrer noopener\">https:\/\/www.nhs.uk\/conditions\/cystic-fibrosis\/treatment\/<\/a>\u00a0\u00a0<\/li>\n<\/ul>\n\n\n\n<p><\/p>\n","protected":false},"excerpt":{"rendered":"<p>Ce-i mai important:\u00a0 Fibroza chistic\u0103 este o afec\u021biune genetic\u0103 autosomal-recesiv\u0103 care afecteaz\u0103 mai multe sisteme, av\u00e2nd la baz\u0103 disfunc\u021bia glandelor exocrine. Aceast\u0103 boal\u0103 afecteaz\u0103 cel mai frecvent pl\u0103m\u00e2nii \u0219i sistemul digestiv. Fibroza chistic\u0103 rezult\u0103 dintr-o muta\u021bie genetic\u0103 care duce la producerea unui mucus v\u00e2scos \u0219i gros, care poate bloca c\u0103ile respiratorii \u0219i pancreasul.&nbsp; \u00cen acest [&hellip;]<\/p>\n","protected":false},"author":4,"featured_media":8291,"comment_status":"open","ping_status":"open","sticky":false,"template":"","format":"standard","meta":{"_acf_changed":false,"footnotes":""},"categories":[93],"tags":[],"class_list":["post-9102","post","type-post","status-publish","format-standard","has-post-thumbnail","hentry","category-articles-ro-ro"],"acf":[],"yoast_head":"<!-- This site is optimized with the Yoast SEO plugin v25.4 - https:\/\/yoast.com\/wordpress\/plugins\/seo\/ -->\n<title>Ce reprezint\u0103 boala fibroza chistic\u0103? - Zano<\/title>\n<meta name=\"description\" content=\"Tr\u0103s\u0103turile principale \u0219i simptomele bolii genetice fibroza chistic\u0103 \u0219i care sunt principalele metode de tratament \u0219i suport\" \/>\n<meta name=\"robots\" content=\"noindex, follow, max-snippet:-1, max-image-preview:large, max-video-preview:-1\" \/>\n<meta property=\"og:locale\" content=\"ro_RO\" \/>\n<meta property=\"og:type\" content=\"article\" \/>\n<meta property=\"og:title\" content=\"Ce reprezint\u0103 boala fibroza chistic\u0103? - Zano\" \/>\n<meta property=\"og:description\" content=\"Tr\u0103s\u0103turile principale \u0219i simptomele bolii genetice fibroza chistic\u0103 \u0219i care sunt principalele metode de tratament \u0219i suport\" \/>\n<meta property=\"og:url\" content=\"https:\/\/zano.outcondev.com\/ro\/ce-este-fibroza-chistica\/\" \/>\n<meta property=\"og:site_name\" content=\"Zano\" \/>\n<meta property=\"article:publisher\" content=\"https:\/\/www.facebook.com\/zanoinspire\" \/>\n<meta property=\"article:published_time\" content=\"2025-01-28T10:17:47+00:00\" \/>\n<meta property=\"article:modified_time\" content=\"2025-01-28T10:19:53+00:00\" \/>\n<meta property=\"og:image\" content=\"https:\/\/zano.outcondev.com\/wp-content\/uploads\/2024\/11\/boy-with-nebulizer-crib-scaled.jpg\" \/>\n\t<meta property=\"og:image:width\" content=\"2560\" \/>\n\t<meta property=\"og:image:height\" content=\"1707\" \/>\n\t<meta property=\"og:image:type\" content=\"image\/jpeg\" \/>\n<meta name=\"author\" content=\"yilieva\" \/>\n<meta name=\"twitter:card\" content=\"summary_large_image\" \/>\n<meta name=\"twitter:label1\" content=\"Scris de\" \/>\n\t<meta name=\"twitter:data1\" content=\"yilieva\" \/>\n\t<meta name=\"twitter:label2\" content=\"Timp estimat pentru citire\" \/>\n\t<meta name=\"twitter:data2\" content=\"10 minute\" \/>\n<script type=\"application\/ld+json\" class=\"yoast-schema-graph\">{\"@context\":\"https:\/\/schema.org\",\"@graph\":[{\"@type\":\"Article\",\"@id\":\"https:\/\/zano.outcondev.com\/ro\/ce-este-fibroza-chistica\/#article\",\"isPartOf\":{\"@id\":\"https:\/\/zano.outcondev.com\/ro\/ce-este-fibroza-chistica\/\"},\"author\":{\"name\":\"yilieva\",\"@id\":\"https:\/\/zano.outcondev.com\/ro\/#\/schema\/person\/2a0d97641a1363d86fec9d026e88c519\"},\"headline\":\"Ce este fibroza chistic\u0103?\u00a0\",\"datePublished\":\"2025-01-28T10:17:47+00:00\",\"dateModified\":\"2025-01-28T10:19:53+00:00\",\"mainEntityOfPage\":{\"@id\":\"https:\/\/zano.outcondev.com\/ro\/ce-este-fibroza-chistica\/\"},\"wordCount\":1982,\"commentCount\":0,\"publisher\":{\"@id\":\"https:\/\/zano.outcondev.com\/ro\/#organization\"},\"image\":{\"@id\":\"https:\/\/zano.outcondev.com\/ro\/ce-este-fibroza-chistica\/#primaryimage\"},\"thumbnailUrl\":\"https:\/\/zano.outcondev.com\/wp-content\/uploads\/2024\/11\/boy-with-nebulizer-crib-scaled.jpg\",\"articleSection\":[\"articles-ro\"],\"inLanguage\":\"ro-RO\",\"potentialAction\":[{\"@type\":\"CommentAction\",\"name\":\"Comment\",\"target\":[\"https:\/\/zano.outcondev.com\/ro\/ce-este-fibroza-chistica\/#respond\"]}]},{\"@type\":\"WebPage\",\"@id\":\"https:\/\/zano.outcondev.com\/ro\/ce-este-fibroza-chistica\/\",\"url\":\"https:\/\/zano.outcondev.com\/ro\/ce-este-fibroza-chistica\/\",\"name\":\"Ce reprezint\u0103 boala fibroza chistic\u0103? - Zano\",\"isPartOf\":{\"@id\":\"https:\/\/zano.outcondev.com\/ro\/#website\"},\"primaryImageOfPage\":{\"@id\":\"https:\/\/zano.outcondev.com\/ro\/ce-este-fibroza-chistica\/#primaryimage\"},\"image\":{\"@id\":\"https:\/\/zano.outcondev.com\/ro\/ce-este-fibroza-chistica\/#primaryimage\"},\"thumbnailUrl\":\"https:\/\/zano.outcondev.com\/wp-content\/uploads\/2024\/11\/boy-with-nebulizer-crib-scaled.jpg\",\"datePublished\":\"2025-01-28T10:17:47+00:00\",\"dateModified\":\"2025-01-28T10:19:53+00:00\",\"description\":\"Tr\u0103s\u0103turile principale \u0219i simptomele bolii genetice fibroza chistic\u0103 \u0219i care sunt principalele metode de tratament \u0219i suport\",\"breadcrumb\":{\"@id\":\"https:\/\/zano.outcondev.com\/ro\/ce-este-fibroza-chistica\/#breadcrumb\"},\"inLanguage\":\"ro-RO\",\"potentialAction\":[{\"@type\":\"ReadAction\",\"target\":[\"https:\/\/zano.outcondev.com\/ro\/ce-este-fibroza-chistica\/\"]}]},{\"@type\":\"ImageObject\",\"inLanguage\":\"ro-RO\",\"@id\":\"https:\/\/zano.outcondev.com\/ro\/ce-este-fibroza-chistica\/#primaryimage\",\"url\":\"https:\/\/zano.outcondev.com\/wp-content\/uploads\/2024\/11\/boy-with-nebulizer-crib-scaled.jpg\",\"contentUrl\":\"https:\/\/zano.outcondev.com\/wp-content\/uploads\/2024\/11\/boy-with-nebulizer-crib-scaled.jpg\",\"width\":2560,\"height\":1707,\"caption\":\"boy with a nebulizer in the crib. thumbs up. sign caution\"},{\"@type\":\"BreadcrumbList\",\"@id\":\"https:\/\/zano.outcondev.com\/ro\/ce-este-fibroza-chistica\/#breadcrumb\",\"itemListElement\":[{\"@type\":\"ListItem\",\"position\":1,\"name\":\"\u041d\u0430\u0447\u0430\u043b\u043e\",\"item\":\"https:\/\/zano.outcondev.com\/ro\/\"},{\"@type\":\"ListItem\",\"position\":2,\"name\":\"Ce este fibroza chistic\u0103?\u00a0\"}]},{\"@type\":\"WebSite\",\"@id\":\"https:\/\/zano.outcondev.com\/ro\/#website\",\"url\":\"https:\/\/zano.outcondev.com\/ro\/\",\"name\":\"Zano\",\"description\":\"Zano\",\"publisher\":{\"@id\":\"https:\/\/zano.outcondev.com\/ro\/#organization\"},\"potentialAction\":[{\"@type\":\"SearchAction\",\"target\":{\"@type\":\"EntryPoint\",\"urlTemplate\":\"https:\/\/zano.outcondev.com\/ro\/?s={search_term_string}\"},\"query-input\":{\"@type\":\"PropertyValueSpecification\",\"valueRequired\":true,\"valueName\":\"search_term_string\"}}],\"inLanguage\":\"ro-RO\"},{\"@type\":\"Organization\",\"@id\":\"https:\/\/zano.outcondev.com\/ro\/#organization\",\"name\":\"Zano\",\"url\":\"https:\/\/zano.outcondev.com\/ro\/\",\"logo\":{\"@type\":\"ImageObject\",\"inLanguage\":\"ro-RO\",\"@id\":\"https:\/\/zano.outcondev.com\/ro\/#\/schema\/logo\/image\/\",\"url\":\"https:\/\/zano.outcondev.com\/wp-content\/uploads\/2023\/06\/zano-logo.svg\",\"contentUrl\":\"https:\/\/zano.outcondev.com\/wp-content\/uploads\/2023\/06\/zano-logo.svg\",\"caption\":\"Zano\"},\"image\":{\"@id\":\"https:\/\/zano.outcondev.com\/ro\/#\/schema\/logo\/image\/\"},\"sameAs\":[\"https:\/\/www.facebook.com\/zanoinspire\",\"https:\/\/www.instagram.com\/zanoinspire\/\"]},{\"@type\":\"Person\",\"@id\":\"https:\/\/zano.outcondev.com\/ro\/#\/schema\/person\/2a0d97641a1363d86fec9d026e88c519\",\"name\":\"yilieva\",\"image\":{\"@type\":\"ImageObject\",\"inLanguage\":\"ro-RO\",\"@id\":\"https:\/\/zano.outcondev.com\/ro\/#\/schema\/person\/image\/\",\"url\":\"https:\/\/secure.gravatar.com\/avatar\/658233976560f6a6006ae265893efc74a7d89e1d77a40ee848e12d5f4c51db46?s=96&d=mm&r=g\",\"contentUrl\":\"https:\/\/secure.gravatar.com\/avatar\/658233976560f6a6006ae265893efc74a7d89e1d77a40ee848e12d5f4c51db46?s=96&d=mm&r=g\",\"caption\":\"yilieva\"}}]}<\/script>\n<!-- \/ Yoast SEO plugin. -->","yoast_head_json":{"title":"Ce reprezint\u0103 boala fibroza chistic\u0103? - Zano","description":"Tr\u0103s\u0103turile principale \u0219i simptomele bolii genetice fibroza chistic\u0103 \u0219i care sunt principalele metode de tratament \u0219i suport","robots":{"index":"noindex","follow":"follow","max-snippet":"max-snippet:-1","max-image-preview":"max-image-preview:large","max-video-preview":"max-video-preview:-1"},"og_locale":"ro_RO","og_type":"article","og_title":"Ce reprezint\u0103 boala fibroza chistic\u0103? - Zano","og_description":"Tr\u0103s\u0103turile principale \u0219i simptomele bolii genetice fibroza chistic\u0103 \u0219i care sunt principalele metode de tratament \u0219i suport","og_url":"https:\/\/zano.outcondev.com\/ro\/ce-este-fibroza-chistica\/","og_site_name":"Zano","article_publisher":"https:\/\/www.facebook.com\/zanoinspire","article_published_time":"2025-01-28T10:17:47+00:00","article_modified_time":"2025-01-28T10:19:53+00:00","og_image":[{"width":2560,"height":1707,"url":"https:\/\/zano.outcondev.com\/wp-content\/uploads\/2024\/11\/boy-with-nebulizer-crib-scaled.jpg","type":"image\/jpeg"}],"author":"yilieva","twitter_card":"summary_large_image","twitter_misc":{"Scris de":"yilieva","Timp estimat pentru citire":"10 minute"},"schema":{"@context":"https:\/\/schema.org","@graph":[{"@type":"Article","@id":"https:\/\/zano.outcondev.com\/ro\/ce-este-fibroza-chistica\/#article","isPartOf":{"@id":"https:\/\/zano.outcondev.com\/ro\/ce-este-fibroza-chistica\/"},"author":{"name":"yilieva","@id":"https:\/\/zano.outcondev.com\/ro\/#\/schema\/person\/2a0d97641a1363d86fec9d026e88c519"},"headline":"Ce este fibroza chistic\u0103?\u00a0","datePublished":"2025-01-28T10:17:47+00:00","dateModified":"2025-01-28T10:19:53+00:00","mainEntityOfPage":{"@id":"https:\/\/zano.outcondev.com\/ro\/ce-este-fibroza-chistica\/"},"wordCount":1982,"commentCount":0,"publisher":{"@id":"https:\/\/zano.outcondev.com\/ro\/#organization"},"image":{"@id":"https:\/\/zano.outcondev.com\/ro\/ce-este-fibroza-chistica\/#primaryimage"},"thumbnailUrl":"https:\/\/zano.outcondev.com\/wp-content\/uploads\/2024\/11\/boy-with-nebulizer-crib-scaled.jpg","articleSection":["articles-ro"],"inLanguage":"ro-RO","potentialAction":[{"@type":"CommentAction","name":"Comment","target":["https:\/\/zano.outcondev.com\/ro\/ce-este-fibroza-chistica\/#respond"]}]},{"@type":"WebPage","@id":"https:\/\/zano.outcondev.com\/ro\/ce-este-fibroza-chistica\/","url":"https:\/\/zano.outcondev.com\/ro\/ce-este-fibroza-chistica\/","name":"Ce reprezint\u0103 boala fibroza chistic\u0103? - Zano","isPartOf":{"@id":"https:\/\/zano.outcondev.com\/ro\/#website"},"primaryImageOfPage":{"@id":"https:\/\/zano.outcondev.com\/ro\/ce-este-fibroza-chistica\/#primaryimage"},"image":{"@id":"https:\/\/zano.outcondev.com\/ro\/ce-este-fibroza-chistica\/#primaryimage"},"thumbnailUrl":"https:\/\/zano.outcondev.com\/wp-content\/uploads\/2024\/11\/boy-with-nebulizer-crib-scaled.jpg","datePublished":"2025-01-28T10:17:47+00:00","dateModified":"2025-01-28T10:19:53+00:00","description":"Tr\u0103s\u0103turile principale \u0219i simptomele bolii genetice fibroza chistic\u0103 \u0219i care sunt principalele metode de tratament \u0219i suport","breadcrumb":{"@id":"https:\/\/zano.outcondev.com\/ro\/ce-este-fibroza-chistica\/#breadcrumb"},"inLanguage":"ro-RO","potentialAction":[{"@type":"ReadAction","target":["https:\/\/zano.outcondev.com\/ro\/ce-este-fibroza-chistica\/"]}]},{"@type":"ImageObject","inLanguage":"ro-RO","@id":"https:\/\/zano.outcondev.com\/ro\/ce-este-fibroza-chistica\/#primaryimage","url":"https:\/\/zano.outcondev.com\/wp-content\/uploads\/2024\/11\/boy-with-nebulizer-crib-scaled.jpg","contentUrl":"https:\/\/zano.outcondev.com\/wp-content\/uploads\/2024\/11\/boy-with-nebulizer-crib-scaled.jpg","width":2560,"height":1707,"caption":"boy with a nebulizer in the crib. thumbs up. sign caution"},{"@type":"BreadcrumbList","@id":"https:\/\/zano.outcondev.com\/ro\/ce-este-fibroza-chistica\/#breadcrumb","itemListElement":[{"@type":"ListItem","position":1,"name":"\u041d\u0430\u0447\u0430\u043b\u043e","item":"https:\/\/zano.outcondev.com\/ro\/"},{"@type":"ListItem","position":2,"name":"Ce este fibroza chistic\u0103?\u00a0"}]},{"@type":"WebSite","@id":"https:\/\/zano.outcondev.com\/ro\/#website","url":"https:\/\/zano.outcondev.com\/ro\/","name":"Zano","description":"Zano","publisher":{"@id":"https:\/\/zano.outcondev.com\/ro\/#organization"},"potentialAction":[{"@type":"SearchAction","target":{"@type":"EntryPoint","urlTemplate":"https:\/\/zano.outcondev.com\/ro\/?s={search_term_string}"},"query-input":{"@type":"PropertyValueSpecification","valueRequired":true,"valueName":"search_term_string"}}],"inLanguage":"ro-RO"},{"@type":"Organization","@id":"https:\/\/zano.outcondev.com\/ro\/#organization","name":"Zano","url":"https:\/\/zano.outcondev.com\/ro\/","logo":{"@type":"ImageObject","inLanguage":"ro-RO","@id":"https:\/\/zano.outcondev.com\/ro\/#\/schema\/logo\/image\/","url":"https:\/\/zano.outcondev.com\/wp-content\/uploads\/2023\/06\/zano-logo.svg","contentUrl":"https:\/\/zano.outcondev.com\/wp-content\/uploads\/2023\/06\/zano-logo.svg","caption":"Zano"},"image":{"@id":"https:\/\/zano.outcondev.com\/ro\/#\/schema\/logo\/image\/"},"sameAs":["https:\/\/www.facebook.com\/zanoinspire","https:\/\/www.instagram.com\/zanoinspire\/"]},{"@type":"Person","@id":"https:\/\/zano.outcondev.com\/ro\/#\/schema\/person\/2a0d97641a1363d86fec9d026e88c519","name":"yilieva","image":{"@type":"ImageObject","inLanguage":"ro-RO","@id":"https:\/\/zano.outcondev.com\/ro\/#\/schema\/person\/image\/","url":"https:\/\/secure.gravatar.com\/avatar\/658233976560f6a6006ae265893efc74a7d89e1d77a40ee848e12d5f4c51db46?s=96&d=mm&r=g","contentUrl":"https:\/\/secure.gravatar.com\/avatar\/658233976560f6a6006ae265893efc74a7d89e1d77a40ee848e12d5f4c51db46?s=96&d=mm&r=g","caption":"yilieva"}}]}},"_links":{"self":[{"href":"https:\/\/zano.outcondev.com\/ro\/wp-json\/wp\/v2\/posts\/9102","targetHints":{"allow":["GET"]}}],"collection":[{"href":"https:\/\/zano.outcondev.com\/ro\/wp-json\/wp\/v2\/posts"}],"about":[{"href":"https:\/\/zano.outcondev.com\/ro\/wp-json\/wp\/v2\/types\/post"}],"author":[{"embeddable":true,"href":"https:\/\/zano.outcondev.com\/ro\/wp-json\/wp\/v2\/users\/4"}],"replies":[{"embeddable":true,"href":"https:\/\/zano.outcondev.com\/ro\/wp-json\/wp\/v2\/comments?post=9102"}],"version-history":[{"count":2,"href":"https:\/\/zano.outcondev.com\/ro\/wp-json\/wp\/v2\/posts\/9102\/revisions"}],"predecessor-version":[{"id":9105,"href":"https:\/\/zano.outcondev.com\/ro\/wp-json\/wp\/v2\/posts\/9102\/revisions\/9105"}],"wp:featuredmedia":[{"embeddable":true,"href":"https:\/\/zano.outcondev.com\/ro\/wp-json\/wp\/v2\/media\/8291"}],"wp:attachment":[{"href":"https:\/\/zano.outcondev.com\/ro\/wp-json\/wp\/v2\/media?parent=9102"}],"wp:term":[{"taxonomy":"category","embeddable":true,"href":"https:\/\/zano.outcondev.com\/ro\/wp-json\/wp\/v2\/categories?post=9102"},{"taxonomy":"post_tag","embeddable":true,"href":"https:\/\/zano.outcondev.com\/ro\/wp-json\/wp\/v2\/tags?post=9102"}],"curies":[{"name":"wp","href":"https:\/\/api.w.org\/{rel}","templated":true}]}}