{"id":6943,"date":"2024-08-08T11:15:30","date_gmt":"2024-08-08T11:15:30","guid":{"rendered":"https:\/\/zano.outcondev.com\/?p=6943"},"modified":"2025-02-13T10:50:51","modified_gmt":"2025-02-13T10:50:51","slug":"zano-inspire-mbeshtet-zhvillimin-e-gjuhes-dhe-te-te-folurit-ne-femijerine-e-hershme","status":"publish","type":"post","link":"https:\/\/zano.outcondev.com\/sq\/zano-inspire-mbeshtet-zhvillimin-e-gjuhes-dhe-te-te-folurit-ne-femijerine-e-hershme\/","title":{"rendered":"ZANO Inspire mb\u00ebshtet zhvillimin e gjuh\u00ebs dhe t\u00eb t\u00eb folurit n\u00eb f\u00ebmij\u00ebrin\u00eb e hershme"},"content":{"rendered":"\n<h2 class=\"wp-block-heading has-text-color has-link-color wp-elements-0accf036e4ccfac038546fb2d7cfc512\" style=\"color:#5e3399\"><strong>\u00c7far\u00eb \u00ebsht\u00eb zhvillimi i gjuh\u00ebs dhe i t\u00eb folurit n\u00eb f\u00ebmij\u00ebrin\u00eb e hershme?<\/strong>&nbsp;<\/h2>\n\n\n\n<p class=\"has-medium-font-size\">\u00cbsht\u00eb nj\u00eb proces q\u00eb fillon n\u00eb lindje dhe vazhdon gjat\u00eb gjith\u00eb f\u00ebmij\u00ebris\u00eb. \u00cbsht\u00eb procesi kur f\u00ebmij\u00ebt m\u00ebsojn\u00eb se si t\u00eb komunikojn\u00eb duke p\u00ebrdorur gjuh\u00ebn(t) e tyre amtare dhe zhvillojn\u00eb aft\u00ebsit\u00eb e tyre t\u00eb komunikimit p\u00ebrmes fazave t\u00eb ndryshme t\u00eb zhvillimit.&nbsp;&nbsp;<\/p>\n\n\n\n<h2 class=\"wp-block-heading has-text-color has-link-color wp-elements-c3faaa23789087217f17033ce2c27eb5\" style=\"color:#5e3399\"><strong>Cila \u00ebsht\u00eb r\u00ebnd\u00ebsia e zhvillimit t\u00eb gjuh\u00ebs dhe t\u00eb t\u00eb folurit n\u00eb f\u00ebmij\u00ebrin\u00eb e hershme?&nbsp;<\/strong><\/h2>\n\n\n\n<p class=\"has-medium-font-size\">Zhvillimi i gjuh\u00ebs dhe&nbsp; t\u00eb folurit n\u00eb f\u00ebmij\u00ebrin\u00eb e hershme \u00ebsht\u00eb thelb\u00ebsore p\u00ebr f\u00ebmij\u00ebt dhe aft\u00ebsit\u00eb e tyre t\u00eb ardhshme t\u00eb t\u00eb m\u00ebsuarit dhe p\u00ebrshtatjes sociale. F\u00ebmij\u00ebt kryesisht m\u00ebsojn\u00eb p\u00ebrmes komunikimit &#8220;drejt\u00ebp\u00ebrdrejt\u00eb&#8221; (personal), p\u00ebrmes nd\u00ebrveprimeve t\u00eb tyre me personat tjer\u00eb.&nbsp;<\/p>\n\n\n\n<p><\/p>\n\n\n\n<h2 class=\"wp-block-heading has-text-color has-link-color wp-elements-398b636d82d70f411c7d2c68698335d7\" style=\"color:#5e3399\"><strong>Aspekte t\u00eb dobishme t\u00eb zhvillimit t\u00eb gjuh\u00ebs dhe t\u00eb t\u00eb folurit n\u00eb f\u00ebmij\u00ebrin\u00eb e hershme<\/strong>:<\/h2>\n\n\n\n<ul class=\"wp-block-list\">\n<li class=\"has-medium-font-size\"><strong>Zhvillimi i gjuh\u00ebs dhe t\u00eb folurit t\u00eb sakt\u00eb:<\/strong> Zhvillimi i nj\u00eb sistemi t\u00eb sakt\u00eb gjuh\u00ebsor dhe shqiptimit t\u00eb sakt\u00eb \u00ebsht\u00eb nj\u00eb proces i gjat\u00eb dhe kompleks. N\u00ebp\u00ebrmjet zhvillimit t\u00eb gjuh\u00ebs dhe t\u00eb folurit n\u00eb f\u00ebmij\u00ebrin\u00eb e hershme, ky proces mb\u00ebshtetet dhe reduktohet.&nbsp;&nbsp;<\/li>\n\n\n\n<li class=\"has-medium-font-size\"><strong>Pasurimi i hersh\u00ebm i fjalorit:<\/strong> Prind\u00ebrit mund t&#8217;i mb\u00ebshtesin f\u00ebmij\u00ebt e tyre duke folur rregullisht me ta, duke lexuar libra dhe duke treguar histori.&nbsp;&nbsp;<\/li>\n\n\n\n<li class=\"has-medium-font-size\"><strong>Loj\u00ebra:<\/strong> B\u00ebjini t\u00eb besojn\u00eb se loj\u00ebrat me role, loj\u00ebrat n\u00eb tavolin\u00eb dhe t\u00eb gjitha aktivitetet q\u00eb lidhen me zhvillimin e aft\u00ebsive motorike t\u00eb im\u00ebta mund t\u00eb jen\u00eb stimuluese p\u00ebr zhvillimin e aft\u00ebsive t\u00eb t\u00eb folurit dhe komunikimit te f\u00ebmij\u00ebt.&nbsp;<\/li>\n\n\n\n<li class=\"has-medium-font-size\"><strong>Stimulimi i zhvillimit intelektual:<\/strong> F\u00ebmij\u00ebt zhvillojn\u00eb t\u00eb menduarit e tyre logjik, m\u00ebsojn\u00eb t\u00eb analizojn\u00eb, zgjidhin problemet dhe zhvillojn\u00eb t\u00eb menduarit kritik p\u00ebrmes komunikimit dhe nd\u00ebrveprimit me t\u00eb tjer\u00ebt.&nbsp;<\/li>\n\n\n\n<li class=\"has-medium-font-size\"><strong>P\u00ebrgatitja p\u00ebr shkoll\u00eb:<\/strong> Zhvillimi i duhur i gjuh\u00ebs dhe i t\u00eb folurit \u00ebsht\u00eb nj\u00eb baz\u00eb e mir\u00eb p\u00ebr faz\u00ebn tjet\u00ebr &#8211; zot\u00ebrimi i t\u00eb folurit t\u00eb shkruar.&nbsp;<\/li>\n\n\n\n<li class=\"has-medium-font-size\"><strong>Mb\u00ebshtetja e prind\u00ebrve:<\/strong> P\u00ebrfshirja aktive e prind\u00ebrve n\u00eb k\u00ebt\u00eb proces siguron komunikimin &#8220;drejt\u00ebp\u00ebrdrejt\u00eb&#8221; q\u00eb f\u00ebmij\u00ebt kan\u00eb nevoj\u00eb p\u00ebr t\u00eb p\u00ebrparuar.&nbsp;<\/li>\n\n\n\n<li class=\"has-medium-font-size\"><strong>Mb\u00ebshtetja profesionale:<\/strong> \u00cbsht\u00eb e r\u00ebnd\u00ebsishme t\u00eb merren parasysh nevojat individuale t\u00eb \u00e7do f\u00ebmije. Disa f\u00ebmij\u00eb mund t\u00eb ken\u00eb v\u00ebshtir\u00ebsi n\u00eb zhvillimin e t\u00eb folurit q\u00eb k\u00ebrkojn\u00eb mb\u00ebshtetje dhe terapi individuale.&nbsp;&nbsp;&nbsp;<\/li>\n<\/ul>\n\n\n\n<h2 class=\"wp-block-heading has-text-color has-link-color wp-elements-da467b0da4cba52edd3914a2f3a7aad4\" style=\"color:#5e3399\"><strong>P\u00ebrpar\u00ebsit\u00eb e zhvillimit t\u00eb gjuh\u00ebs dhe t\u00eb t\u00eb folurit n\u00eb f\u00ebmij\u00ebrin\u00eb e hershme:<\/strong>&nbsp;&nbsp;<\/h2>\n\n\n\n<p class=\"has-medium-font-size\">F\u00ebmij\u00ebt kan\u00eb nj\u00eb avantazh n\u00eb t\u00eb kuptuarit dhe p\u00ebrdorimin e gjuh\u00ebs n\u00eb vitet e tyre t\u00eb formimit dhe vazhdojn\u00eb ta zhvillojn\u00eb dhe zot\u00ebrojn\u00eb at\u00eb m\u00eb shpejt gjat\u00eb gjith\u00eb f\u00ebmij\u00ebris\u00eb dhe m\u00eb pas n\u00eb mosh\u00ebn madhore.&nbsp;<\/p>\n\n\n\n<ul class=\"wp-block-list\">\n<li class=\"has-medium-font-size\">F\u00ebmij\u00ebt grumbullojn\u00eb nj\u00eb fjalor t\u00eb pasur pasiv dhe aktiv.&nbsp;<\/li>\n\n\n\n<li class=\"has-medium-font-size\">Aft\u00ebsit\u00eb gjuh\u00ebsore dhe t\u00eb t\u00eb folurit t\u00eb zhvilluara n\u00eb f\u00ebmij\u00ebrin\u00eb e hershme sh\u00ebrbejn\u00eb si baz\u00eb p\u00ebr lexim dhe shkrim t\u00eb m\u00ebtejsh\u00ebm.&nbsp;&nbsp;<\/li>\n\n\n\n<li class=\"has-medium-font-size\">Mb\u00ebshtet p\u00ebrgatitjen e f\u00ebmij\u00ebve p\u00ebr procesin m\u00ebsimor q\u00eb do t\u00eb m\u00ebsojn\u00eb n\u00eb shkoll\u00eb.&nbsp;<\/li>\n\n\n\n<li class=\"has-medium-font-size\">Pasuron f\u00ebmij\u00ebt si individ\u00eb.&nbsp;<\/li>\n\n\n\n<li class=\"has-medium-font-size\">P\u00ebrgatit f\u00ebmij\u00ebt p\u00ebr realizim t\u00eb suksessh\u00ebm social dhe profesional n\u00eb t\u00eb ardhmen.&nbsp;&nbsp;<\/li>\n<\/ul>\n\n\n\n<p><\/p>\n\n\n\n<h2 class=\"wp-block-heading has-text-color has-link-color wp-elements-4fb976321aa3ea0cd68652b2eaddd629\" style=\"color:#5e3399\"><strong>Si mb\u00ebshtet ZANO Inspire zhvillimin e gjuh\u00ebs dhe t\u00eb t\u00eb folurit n\u00eb f\u00ebmij\u00ebrin\u00eb e hershme:<\/strong><\/h2>\n\n\n\n<p class=\"has-medium-font-size\">ZANO Inspire mund t\u00eb blihet me nj\u00eb s\u00ebr\u00eb kartash loj\u00ebrash alfabeti, t\u00eb zhvilluara s\u00eb bashku me mjeshtrin e logopedit Sofia Valneeva, fituese e \u00e7mimit Logopedi i vitit 2023.&nbsp;&nbsp;<\/p>\n\n\n\n<h2 class=\"wp-block-heading has-medium-font-size\"><strong>P\u00ebrpar\u00ebsit\u00eb<\/strong> e <a href=\"https:\/\/zano.outcondev.com\/produkt\/azbuchni-karti-za-igra\/\" target=\"_blank\" rel=\"noreferrer noopener\">kartave<\/a>:&nbsp;&nbsp;<\/h2>\n\n\n\n<ul class=\"wp-block-list\">\n<li class=\"has-medium-font-size\">Ato mb\u00ebshtesin zhvillimin e gjuh\u00ebs dhe t\u00eb t\u00eb folurit n\u00eb f\u00ebmij\u00ebrin\u00eb e hershme&nbsp;<\/li>\n\n\n\n<li class=\"has-medium-font-size\">Mund t\u00eb p\u00ebrdoren gjat\u00eb inhalacioneve&nbsp;&nbsp;<\/li>\n\n\n\n<li class=\"has-medium-font-size\">Ata mb\u00ebshtesin komunikimin prind-f\u00ebmij\u00eb&nbsp;<\/li>\n\n\n\n<li class=\"has-medium-font-size\">Ato mund t\u00eb shkruhen me nj\u00eb sh\u00ebnues n\u00eb tabel\u00eb dhe m\u00eb von\u00eb t\u00eb fshihen&nbsp;&nbsp;<\/li>\n\n\n\n<li class=\"has-medium-font-size\">Kartat jan\u00eb shum\u00ebfunksionale &#8211; me to f\u00ebmija m\u00ebson:&nbsp;&nbsp;\n<ul class=\"wp-block-list\">\n<li class=\"has-medium-font-size\">Shkronjat dhe tingullin e&nbsp; tyre&nbsp;<\/li>\n\n\n\n<li class=\"has-medium-font-size\">Drejtimi i sakt\u00eb i shkrimit t\u00eb shkronjave&nbsp;&nbsp;<\/li>\n\n\n\n<li class=\"has-medium-font-size\">Fjal\u00eb t\u00eb reja dhe koncepte t\u00eb lidhura me to&nbsp;<\/li>\n\n\n\n<li class=\"has-medium-font-size\">Nd\u00ebrtimi i fjalive&nbsp;<\/li>\n<\/ul>\n<\/li>\n<\/ul>\n\n\n\n<h2 class=\"wp-block-heading has-text-align-center has-text-color has-link-color wp-elements-7c93d3b20e314d18a3d356c0fcbb8f76\" style=\"color:#5e3399\">&nbsp;<strong>LEHT\u00cb SI LOJA E F\u00cbMIJ\u00cbVE!<\/strong><\/h2>\n\n\n<div class=\"wp-block-image\">\n<figure class=\"aligncenter size-large\"><img loading=\"lazy\" decoding=\"async\" width=\"1024\" height=\"683\" src=\"https:\/\/zano.outcondev.com\/wp-content\/uploads\/2023\/12\/1-8-1024x683.jpg\" alt=\"\" class=\"wp-image-5387\" srcset=\"https:\/\/zano.outcondev.com\/wp-content\/uploads\/2023\/12\/1-8-1024x683.jpg 1024w, https:\/\/zano.outcondev.com\/wp-content\/uploads\/2023\/12\/1-8-300x200.jpg 300w, https:\/\/zano.outcondev.com\/wp-content\/uploads\/2023\/12\/1-8-768x512.jpg 768w, https:\/\/zano.outcondev.com\/wp-content\/uploads\/2023\/12\/1-8-1536x1024.jpg 1536w, https:\/\/zano.outcondev.com\/wp-content\/uploads\/2023\/12\/1-8-2048x1365.jpg 2048w, https:\/\/zano.outcondev.com\/wp-content\/uploads\/2023\/12\/1-8-600x400.jpg 600w\" sizes=\"auto, (max-width: 1024px) 100vw, 1024px\" \/><\/figure>\n<\/div>\n\n\n<p>&nbsp;&nbsp;<\/p>\n","protected":false},"excerpt":{"rendered":"<p>\u00c7far\u00eb \u00ebsht\u00eb zhvillimi i gjuh\u00ebs dhe i t\u00eb folurit n\u00eb f\u00ebmij\u00ebrin\u00eb e hershme?&nbsp; \u00cbsht\u00eb nj\u00eb proces q\u00eb fillon n\u00eb lindje dhe vazhdon gjat\u00eb gjith\u00eb f\u00ebmij\u00ebris\u00eb. \u00cbsht\u00eb procesi kur f\u00ebmij\u00ebt m\u00ebsojn\u00eb se si t\u00eb komunikojn\u00eb duke p\u00ebrdorur gjuh\u00ebn(t) e tyre amtare dhe zhvillojn\u00eb aft\u00ebsit\u00eb e tyre t\u00eb komunikimit p\u00ebrmes fazave t\u00eb ndryshme t\u00eb zhvillimit.&nbsp;&nbsp; Cila \u00ebsht\u00eb [&hellip;]<\/p>\n","protected":false},"author":4,"featured_media":5392,"comment_status":"open","ping_status":"open","sticky":false,"template":"","format":"standard","meta":{"_acf_changed":false,"footnotes":""},"categories":[32],"tags":[],"class_list":["post-6943","post","type-post","status-publish","format-standard","has-post-thumbnail","hentry","category-uncategorized-sq"],"acf":[],"yoast_head":"<!-- This site is optimized with the Yoast SEO plugin v25.4 - https:\/\/yoast.com\/wordpress\/plugins\/seo\/ -->\n<title>ZANO mb\u00ebshtet zhvillimin e gjuh\u00ebs dhe t\u00eb t\u00eb folurit n\u00eb f\u00ebmij\u00ebrin\u00eb e hershme<\/title>\n<meta name=\"description\" content=\"Zhvillimi i gjuh\u00ebs dhe\u00a0 t\u00eb folurit n\u00eb f\u00ebmij\u00ebrin\u00eb e hershme \u00ebsht\u00eb thelb\u00ebsore p\u00ebr f\u00ebmij\u00ebt dhe aft\u00ebsit\u00eb e tyre t\u00eb ardhshme t\u00eb t\u00eb m\u00ebsuarit dhe p\u00ebrshtatjes sociale\" \/>\n<meta name=\"robots\" content=\"noindex, follow, max-snippet:-1, max-image-preview:large, max-video-preview:-1\" \/>\n<meta property=\"og:locale\" content=\"sq_AL\" \/>\n<meta property=\"og:type\" content=\"article\" \/>\n<meta property=\"og:title\" content=\"ZANO mb\u00ebshtet zhvillimin e gjuh\u00ebs dhe t\u00eb t\u00eb folurit n\u00eb f\u00ebmij\u00ebrin\u00eb e hershme\" \/>\n<meta property=\"og:description\" content=\"Zhvillimi i gjuh\u00ebs dhe\u00a0 t\u00eb folurit n\u00eb f\u00ebmij\u00ebrin\u00eb e hershme \u00ebsht\u00eb thelb\u00ebsore p\u00ebr f\u00ebmij\u00ebt dhe aft\u00ebsit\u00eb e tyre t\u00eb ardhshme t\u00eb t\u00eb m\u00ebsuarit dhe p\u00ebrshtatjes sociale\" \/>\n<meta property=\"og:url\" content=\"https:\/\/zano.outcondev.com\/sq\/zano-inspire-mbeshtet-zhvillimin-e-gjuhes-dhe-te-te-folurit-ne-femijerine-e-hershme\/\" \/>\n<meta property=\"og:site_name\" content=\"Zano\" \/>\n<meta property=\"article:publisher\" content=\"https:\/\/www.facebook.com\/zanoinspire\" \/>\n<meta property=\"article:published_time\" content=\"2024-08-08T11:15:30+00:00\" \/>\n<meta property=\"article:modified_time\" content=\"2025-02-13T10:50:51+00:00\" \/>\n<meta property=\"og:image\" content=\"https:\/\/zano.outcondev.com\/wp-content\/uploads\/2023\/12\/opening-photo-2-scaled.jpg\" \/>\n\t<meta property=\"og:image:width\" content=\"2560\" \/>\n\t<meta property=\"og:image:height\" content=\"1707\" \/>\n\t<meta property=\"og:image:type\" content=\"image\/jpeg\" \/>\n<meta name=\"author\" content=\"yilieva\" \/>\n<meta name=\"twitter:card\" content=\"summary_large_image\" \/>\n<meta name=\"twitter:label1\" content=\"Written by\" \/>\n\t<meta name=\"twitter:data1\" content=\"yilieva\" \/>\n\t<meta name=\"twitter:label2\" content=\"Est. reading time\" \/>\n\t<meta name=\"twitter:data2\" content=\"5 minutes\" \/>\n<script type=\"application\/ld+json\" class=\"yoast-schema-graph\">{\"@context\":\"https:\/\/schema.org\",\"@graph\":[{\"@type\":\"Article\",\"@id\":\"https:\/\/zano.outcondev.com\/sq\/zano-inspire-mbeshtet-zhvillimin-e-gjuhes-dhe-te-te-folurit-ne-femijerine-e-hershme\/#article\",\"isPartOf\":{\"@id\":\"https:\/\/zano.outcondev.com\/sq\/zano-inspire-mbeshtet-zhvillimin-e-gjuhes-dhe-te-te-folurit-ne-femijerine-e-hershme\/\"},\"author\":{\"name\":\"yilieva\",\"@id\":\"https:\/\/zano.outcondev.com\/sq\/#\/schema\/person\/2a0d97641a1363d86fec9d026e88c519\"},\"headline\":\"ZANO Inspire mb\u00ebshtet zhvillimin e gjuh\u00ebs dhe t\u00eb t\u00eb folurit n\u00eb f\u00ebmij\u00ebrin\u00eb e hershme\",\"datePublished\":\"2024-08-08T11:15:30+00:00\",\"dateModified\":\"2025-02-13T10:50:51+00:00\",\"mainEntityOfPage\":{\"@id\":\"https:\/\/zano.outcondev.com\/sq\/zano-inspire-mbeshtet-zhvillimin-e-gjuhes-dhe-te-te-folurit-ne-femijerine-e-hershme\/\"},\"wordCount\":779,\"commentCount\":0,\"publisher\":{\"@id\":\"https:\/\/zano.outcondev.com\/sq\/#organization\"},\"image\":{\"@id\":\"https:\/\/zano.outcondev.com\/sq\/zano-inspire-mbeshtet-zhvillimin-e-gjuhes-dhe-te-te-folurit-ne-femijerine-e-hershme\/#primaryimage\"},\"thumbnailUrl\":\"https:\/\/zano.outcondev.com\/wp-content\/uploads\/2023\/12\/opening-photo-2-scaled.jpg\",\"articleSection\":[\"Uncategorized @sq\"],\"inLanguage\":\"sq-AL\",\"potentialAction\":[{\"@type\":\"CommentAction\",\"name\":\"Comment\",\"target\":[\"https:\/\/zano.outcondev.com\/sq\/zano-inspire-mbeshtet-zhvillimin-e-gjuhes-dhe-te-te-folurit-ne-femijerine-e-hershme\/#respond\"]}]},{\"@type\":\"WebPage\",\"@id\":\"https:\/\/zano.outcondev.com\/sq\/zano-inspire-mbeshtet-zhvillimin-e-gjuhes-dhe-te-te-folurit-ne-femijerine-e-hershme\/\",\"url\":\"https:\/\/zano.outcondev.com\/sq\/zano-inspire-mbeshtet-zhvillimin-e-gjuhes-dhe-te-te-folurit-ne-femijerine-e-hershme\/\",\"name\":\"ZANO mb\u00ebshtet zhvillimin e gjuh\u00ebs dhe t\u00eb t\u00eb folurit n\u00eb f\u00ebmij\u00ebrin\u00eb e hershme\",\"isPartOf\":{\"@id\":\"https:\/\/zano.outcondev.com\/sq\/#website\"},\"primaryImageOfPage\":{\"@id\":\"https:\/\/zano.outcondev.com\/sq\/zano-inspire-mbeshtet-zhvillimin-e-gjuhes-dhe-te-te-folurit-ne-femijerine-e-hershme\/#primaryimage\"},\"image\":{\"@id\":\"https:\/\/zano.outcondev.com\/sq\/zano-inspire-mbeshtet-zhvillimin-e-gjuhes-dhe-te-te-folurit-ne-femijerine-e-hershme\/#primaryimage\"},\"thumbnailUrl\":\"https:\/\/zano.outcondev.com\/wp-content\/uploads\/2023\/12\/opening-photo-2-scaled.jpg\",\"datePublished\":\"2024-08-08T11:15:30+00:00\",\"dateModified\":\"2025-02-13T10:50:51+00:00\",\"description\":\"Zhvillimi i gjuh\u00ebs dhe\u00a0 t\u00eb folurit n\u00eb f\u00ebmij\u00ebrin\u00eb e hershme \u00ebsht\u00eb thelb\u00ebsore p\u00ebr f\u00ebmij\u00ebt dhe aft\u00ebsit\u00eb e tyre t\u00eb ardhshme t\u00eb t\u00eb m\u00ebsuarit dhe p\u00ebrshtatjes sociale\",\"breadcrumb\":{\"@id\":\"https:\/\/zano.outcondev.com\/sq\/zano-inspire-mbeshtet-zhvillimin-e-gjuhes-dhe-te-te-folurit-ne-femijerine-e-hershme\/#breadcrumb\"},\"inLanguage\":\"sq-AL\",\"potentialAction\":[{\"@type\":\"ReadAction\",\"target\":[\"https:\/\/zano.outcondev.com\/sq\/zano-inspire-mbeshtet-zhvillimin-e-gjuhes-dhe-te-te-folurit-ne-femijerine-e-hershme\/\"]}]},{\"@type\":\"ImageObject\",\"inLanguage\":\"sq-AL\",\"@id\":\"https:\/\/zano.outcondev.com\/sq\/zano-inspire-mbeshtet-zhvillimin-e-gjuhes-dhe-te-te-folurit-ne-femijerine-e-hershme\/#primaryimage\",\"url\":\"https:\/\/zano.outcondev.com\/wp-content\/uploads\/2023\/12\/opening-photo-2-scaled.jpg\",\"contentUrl\":\"https:\/\/zano.outcondev.com\/wp-content\/uploads\/2023\/12\/opening-photo-2-scaled.jpg\",\"width\":2560,\"height\":1707,\"caption\":\"ZANO Inspire mb\u00ebshtet zhvillimin e gjuh\u00ebs dhe t\u00eb t\u00eb folurit n\u00eb f\u00ebmij\u00ebrin\u00eb e hershme\"},{\"@type\":\"BreadcrumbList\",\"@id\":\"https:\/\/zano.outcondev.com\/sq\/zano-inspire-mbeshtet-zhvillimin-e-gjuhes-dhe-te-te-folurit-ne-femijerine-e-hershme\/#breadcrumb\",\"itemListElement\":[{\"@type\":\"ListItem\",\"position\":1,\"name\":\"\u041d\u0430\u0447\u0430\u043b\u043e\",\"item\":\"https:\/\/zano.outcondev.com\/sq\/\"},{\"@type\":\"ListItem\",\"position\":2,\"name\":\"ZANO Inspire mb\u00ebshtet zhvillimin e gjuh\u00ebs dhe t\u00eb t\u00eb folurit n\u00eb f\u00ebmij\u00ebrin\u00eb e hershme\"}]},{\"@type\":\"WebSite\",\"@id\":\"https:\/\/zano.outcondev.com\/sq\/#website\",\"url\":\"https:\/\/zano.outcondev.com\/sq\/\",\"name\":\"Zano\",\"description\":\"Zano\",\"publisher\":{\"@id\":\"https:\/\/zano.outcondev.com\/sq\/#organization\"},\"potentialAction\":[{\"@type\":\"SearchAction\",\"target\":{\"@type\":\"EntryPoint\",\"urlTemplate\":\"https:\/\/zano.outcondev.com\/sq\/?s={search_term_string}\"},\"query-input\":{\"@type\":\"PropertyValueSpecification\",\"valueRequired\":true,\"valueName\":\"search_term_string\"}}],\"inLanguage\":\"sq-AL\"},{\"@type\":\"Organization\",\"@id\":\"https:\/\/zano.outcondev.com\/sq\/#organization\",\"name\":\"Zano\",\"url\":\"https:\/\/zano.outcondev.com\/sq\/\",\"logo\":{\"@type\":\"ImageObject\",\"inLanguage\":\"sq-AL\",\"@id\":\"https:\/\/zano.outcondev.com\/sq\/#\/schema\/logo\/image\/\",\"url\":\"https:\/\/zano.outcondev.com\/wp-content\/uploads\/2023\/06\/zano-logo.svg\",\"contentUrl\":\"https:\/\/zano.outcondev.com\/wp-content\/uploads\/2023\/06\/zano-logo.svg\",\"caption\":\"Zano\"},\"image\":{\"@id\":\"https:\/\/zano.outcondev.com\/sq\/#\/schema\/logo\/image\/\"},\"sameAs\":[\"https:\/\/www.facebook.com\/zanoinspire\",\"https:\/\/www.instagram.com\/zanoinspire\/\"]},{\"@type\":\"Person\",\"@id\":\"https:\/\/zano.outcondev.com\/sq\/#\/schema\/person\/2a0d97641a1363d86fec9d026e88c519\",\"name\":\"yilieva\",\"image\":{\"@type\":\"ImageObject\",\"inLanguage\":\"sq-AL\",\"@id\":\"https:\/\/zano.outcondev.com\/sq\/#\/schema\/person\/image\/\",\"url\":\"https:\/\/secure.gravatar.com\/avatar\/658233976560f6a6006ae265893efc74a7d89e1d77a40ee848e12d5f4c51db46?s=96&d=mm&r=g\",\"contentUrl\":\"https:\/\/secure.gravatar.com\/avatar\/658233976560f6a6006ae265893efc74a7d89e1d77a40ee848e12d5f4c51db46?s=96&d=mm&r=g\",\"caption\":\"yilieva\"}}]}<\/script>\n<!-- \/ Yoast SEO plugin. -->","yoast_head_json":{"title":"ZANO mb\u00ebshtet zhvillimin e gjuh\u00ebs dhe t\u00eb t\u00eb folurit n\u00eb f\u00ebmij\u00ebrin\u00eb e hershme","description":"Zhvillimi i gjuh\u00ebs dhe\u00a0 t\u00eb folurit n\u00eb f\u00ebmij\u00ebrin\u00eb e hershme \u00ebsht\u00eb thelb\u00ebsore p\u00ebr f\u00ebmij\u00ebt dhe aft\u00ebsit\u00eb e tyre t\u00eb ardhshme t\u00eb t\u00eb m\u00ebsuarit dhe p\u00ebrshtatjes sociale","robots":{"index":"noindex","follow":"follow","max-snippet":"max-snippet:-1","max-image-preview":"max-image-preview:large","max-video-preview":"max-video-preview:-1"},"og_locale":"sq_AL","og_type":"article","og_title":"ZANO mb\u00ebshtet zhvillimin e gjuh\u00ebs dhe t\u00eb t\u00eb folurit n\u00eb f\u00ebmij\u00ebrin\u00eb e hershme","og_description":"Zhvillimi i gjuh\u00ebs dhe\u00a0 t\u00eb folurit n\u00eb f\u00ebmij\u00ebrin\u00eb e hershme \u00ebsht\u00eb thelb\u00ebsore p\u00ebr f\u00ebmij\u00ebt dhe aft\u00ebsit\u00eb e tyre t\u00eb ardhshme t\u00eb t\u00eb m\u00ebsuarit dhe p\u00ebrshtatjes sociale","og_url":"https:\/\/zano.outcondev.com\/sq\/zano-inspire-mbeshtet-zhvillimin-e-gjuhes-dhe-te-te-folurit-ne-femijerine-e-hershme\/","og_site_name":"Zano","article_publisher":"https:\/\/www.facebook.com\/zanoinspire","article_published_time":"2024-08-08T11:15:30+00:00","article_modified_time":"2025-02-13T10:50:51+00:00","og_image":[{"width":2560,"height":1707,"url":"https:\/\/zano.outcondev.com\/wp-content\/uploads\/2023\/12\/opening-photo-2-scaled.jpg","type":"image\/jpeg"}],"author":"yilieva","twitter_card":"summary_large_image","twitter_misc":{"Written by":"yilieva","Est. reading time":"5 minutes"},"schema":{"@context":"https:\/\/schema.org","@graph":[{"@type":"Article","@id":"https:\/\/zano.outcondev.com\/sq\/zano-inspire-mbeshtet-zhvillimin-e-gjuhes-dhe-te-te-folurit-ne-femijerine-e-hershme\/#article","isPartOf":{"@id":"https:\/\/zano.outcondev.com\/sq\/zano-inspire-mbeshtet-zhvillimin-e-gjuhes-dhe-te-te-folurit-ne-femijerine-e-hershme\/"},"author":{"name":"yilieva","@id":"https:\/\/zano.outcondev.com\/sq\/#\/schema\/person\/2a0d97641a1363d86fec9d026e88c519"},"headline":"ZANO Inspire mb\u00ebshtet zhvillimin e gjuh\u00ebs dhe t\u00eb t\u00eb folurit n\u00eb f\u00ebmij\u00ebrin\u00eb e hershme","datePublished":"2024-08-08T11:15:30+00:00","dateModified":"2025-02-13T10:50:51+00:00","mainEntityOfPage":{"@id":"https:\/\/zano.outcondev.com\/sq\/zano-inspire-mbeshtet-zhvillimin-e-gjuhes-dhe-te-te-folurit-ne-femijerine-e-hershme\/"},"wordCount":779,"commentCount":0,"publisher":{"@id":"https:\/\/zano.outcondev.com\/sq\/#organization"},"image":{"@id":"https:\/\/zano.outcondev.com\/sq\/zano-inspire-mbeshtet-zhvillimin-e-gjuhes-dhe-te-te-folurit-ne-femijerine-e-hershme\/#primaryimage"},"thumbnailUrl":"https:\/\/zano.outcondev.com\/wp-content\/uploads\/2023\/12\/opening-photo-2-scaled.jpg","articleSection":["Uncategorized @sq"],"inLanguage":"sq-AL","potentialAction":[{"@type":"CommentAction","name":"Comment","target":["https:\/\/zano.outcondev.com\/sq\/zano-inspire-mbeshtet-zhvillimin-e-gjuhes-dhe-te-te-folurit-ne-femijerine-e-hershme\/#respond"]}]},{"@type":"WebPage","@id":"https:\/\/zano.outcondev.com\/sq\/zano-inspire-mbeshtet-zhvillimin-e-gjuhes-dhe-te-te-folurit-ne-femijerine-e-hershme\/","url":"https:\/\/zano.outcondev.com\/sq\/zano-inspire-mbeshtet-zhvillimin-e-gjuhes-dhe-te-te-folurit-ne-femijerine-e-hershme\/","name":"ZANO mb\u00ebshtet zhvillimin e gjuh\u00ebs dhe t\u00eb t\u00eb folurit n\u00eb f\u00ebmij\u00ebrin\u00eb e hershme","isPartOf":{"@id":"https:\/\/zano.outcondev.com\/sq\/#website"},"primaryImageOfPage":{"@id":"https:\/\/zano.outcondev.com\/sq\/zano-inspire-mbeshtet-zhvillimin-e-gjuhes-dhe-te-te-folurit-ne-femijerine-e-hershme\/#primaryimage"},"image":{"@id":"https:\/\/zano.outcondev.com\/sq\/zano-inspire-mbeshtet-zhvillimin-e-gjuhes-dhe-te-te-folurit-ne-femijerine-e-hershme\/#primaryimage"},"thumbnailUrl":"https:\/\/zano.outcondev.com\/wp-content\/uploads\/2023\/12\/opening-photo-2-scaled.jpg","datePublished":"2024-08-08T11:15:30+00:00","dateModified":"2025-02-13T10:50:51+00:00","description":"Zhvillimi i gjuh\u00ebs dhe\u00a0 t\u00eb folurit n\u00eb f\u00ebmij\u00ebrin\u00eb e hershme \u00ebsht\u00eb thelb\u00ebsore p\u00ebr f\u00ebmij\u00ebt dhe aft\u00ebsit\u00eb e tyre t\u00eb ardhshme t\u00eb t\u00eb m\u00ebsuarit dhe p\u00ebrshtatjes sociale","breadcrumb":{"@id":"https:\/\/zano.outcondev.com\/sq\/zano-inspire-mbeshtet-zhvillimin-e-gjuhes-dhe-te-te-folurit-ne-femijerine-e-hershme\/#breadcrumb"},"inLanguage":"sq-AL","potentialAction":[{"@type":"ReadAction","target":["https:\/\/zano.outcondev.com\/sq\/zano-inspire-mbeshtet-zhvillimin-e-gjuhes-dhe-te-te-folurit-ne-femijerine-e-hershme\/"]}]},{"@type":"ImageObject","inLanguage":"sq-AL","@id":"https:\/\/zano.outcondev.com\/sq\/zano-inspire-mbeshtet-zhvillimin-e-gjuhes-dhe-te-te-folurit-ne-femijerine-e-hershme\/#primaryimage","url":"https:\/\/zano.outcondev.com\/wp-content\/uploads\/2023\/12\/opening-photo-2-scaled.jpg","contentUrl":"https:\/\/zano.outcondev.com\/wp-content\/uploads\/2023\/12\/opening-photo-2-scaled.jpg","width":2560,"height":1707,"caption":"ZANO Inspire mb\u00ebshtet zhvillimin e gjuh\u00ebs dhe t\u00eb t\u00eb folurit n\u00eb f\u00ebmij\u00ebrin\u00eb e hershme"},{"@type":"BreadcrumbList","@id":"https:\/\/zano.outcondev.com\/sq\/zano-inspire-mbeshtet-zhvillimin-e-gjuhes-dhe-te-te-folurit-ne-femijerine-e-hershme\/#breadcrumb","itemListElement":[{"@type":"ListItem","position":1,"name":"\u041d\u0430\u0447\u0430\u043b\u043e","item":"https:\/\/zano.outcondev.com\/sq\/"},{"@type":"ListItem","position":2,"name":"ZANO Inspire mb\u00ebshtet zhvillimin e gjuh\u00ebs dhe t\u00eb t\u00eb folurit n\u00eb f\u00ebmij\u00ebrin\u00eb e hershme"}]},{"@type":"WebSite","@id":"https:\/\/zano.outcondev.com\/sq\/#website","url":"https:\/\/zano.outcondev.com\/sq\/","name":"Zano","description":"Zano","publisher":{"@id":"https:\/\/zano.outcondev.com\/sq\/#organization"},"potentialAction":[{"@type":"SearchAction","target":{"@type":"EntryPoint","urlTemplate":"https:\/\/zano.outcondev.com\/sq\/?s={search_term_string}"},"query-input":{"@type":"PropertyValueSpecification","valueRequired":true,"valueName":"search_term_string"}}],"inLanguage":"sq-AL"},{"@type":"Organization","@id":"https:\/\/zano.outcondev.com\/sq\/#organization","name":"Zano","url":"https:\/\/zano.outcondev.com\/sq\/","logo":{"@type":"ImageObject","inLanguage":"sq-AL","@id":"https:\/\/zano.outcondev.com\/sq\/#\/schema\/logo\/image\/","url":"https:\/\/zano.outcondev.com\/wp-content\/uploads\/2023\/06\/zano-logo.svg","contentUrl":"https:\/\/zano.outcondev.com\/wp-content\/uploads\/2023\/06\/zano-logo.svg","caption":"Zano"},"image":{"@id":"https:\/\/zano.outcondev.com\/sq\/#\/schema\/logo\/image\/"},"sameAs":["https:\/\/www.facebook.com\/zanoinspire","https:\/\/www.instagram.com\/zanoinspire\/"]},{"@type":"Person","@id":"https:\/\/zano.outcondev.com\/sq\/#\/schema\/person\/2a0d97641a1363d86fec9d026e88c519","name":"yilieva","image":{"@type":"ImageObject","inLanguage":"sq-AL","@id":"https:\/\/zano.outcondev.com\/sq\/#\/schema\/person\/image\/","url":"https:\/\/secure.gravatar.com\/avatar\/658233976560f6a6006ae265893efc74a7d89e1d77a40ee848e12d5f4c51db46?s=96&d=mm&r=g","contentUrl":"https:\/\/secure.gravatar.com\/avatar\/658233976560f6a6006ae265893efc74a7d89e1d77a40ee848e12d5f4c51db46?s=96&d=mm&r=g","caption":"yilieva"}}]}},"_links":{"self":[{"href":"https:\/\/zano.outcondev.com\/sq\/wp-json\/wp\/v2\/posts\/6943","targetHints":{"allow":["GET"]}}],"collection":[{"href":"https:\/\/zano.outcondev.com\/sq\/wp-json\/wp\/v2\/posts"}],"about":[{"href":"https:\/\/zano.outcondev.com\/sq\/wp-json\/wp\/v2\/types\/post"}],"author":[{"embeddable":true,"href":"https:\/\/zano.outcondev.com\/sq\/wp-json\/wp\/v2\/users\/4"}],"replies":[{"embeddable":true,"href":"https:\/\/zano.outcondev.com\/sq\/wp-json\/wp\/v2\/comments?post=6943"}],"version-history":[{"count":3,"href":"https:\/\/zano.outcondev.com\/sq\/wp-json\/wp\/v2\/posts\/6943\/revisions"}],"predecessor-version":[{"id":9323,"href":"https:\/\/zano.outcondev.com\/sq\/wp-json\/wp\/v2\/posts\/6943\/revisions\/9323"}],"wp:featuredmedia":[{"embeddable":true,"href":"https:\/\/zano.outcondev.com\/sq\/wp-json\/wp\/v2\/media\/5392"}],"wp:attachment":[{"href":"https:\/\/zano.outcondev.com\/sq\/wp-json\/wp\/v2\/media?parent=6943"}],"wp:term":[{"taxonomy":"category","embeddable":true,"href":"https:\/\/zano.outcondev.com\/sq\/wp-json\/wp\/v2\/categories?post=6943"},{"taxonomy":"post_tag","embeddable":true,"href":"https:\/\/zano.outcondev.com\/sq\/wp-json\/wp\/v2\/tags?post=6943"}],"curies":[{"name":"wp","href":"https:\/\/api.w.org\/{rel}","templated":true}]}}